{"id":1315,"date":"2024-11-08T19:42:20","date_gmt":"2024-11-09T00:42:20","guid":{"rendered":"https:\/\/colombiabuenanota.com\/?p=1315"},"modified":"2024-11-08T19:42:23","modified_gmt":"2024-11-09T00:42:23","slug":"llega-a-cali-homens-week-2024","status":"publish","type":"post","link":"https:\/\/colombiabuenanota.com\/index.php\/2024\/11\/08\/llega-a-cali-homens-week-2024\/","title":{"rendered":"Llega a Cali Homens Week 2024"},"content":{"rendered":"\n<p>Cali est\u00e1 a punto de vivir uno de los momentos m\u00e1s trascendentales en el universo de la moda masculina en Latinoam\u00e9rica. Llega la tercera edici\u00f3n de Homens Week 2024 que se consolida como la \u00fanica semana de la moda masculina en Latinoam\u00e9rica, y todo indica que ser\u00e1 un evento de talla mundial.<\/p>\n\n\n\n<p>Del 4 al 6 de diciembre de 2024, se abren las pasarelas en el Hotel Marriott de Cali para convertirse en el epicentro de las tendencias, el estilo y la innovaci\u00f3n en moda para hombres. Pero eso no es todo: el evento se extender\u00e1 por toda la ciudad, con desfiles alternos y una programaci\u00f3n cargada de actividades que transformar\u00e1n la ciudad en una pasarela viviente.<\/p>\n\n\n\n<h2 class=\"wp-block-heading\">Guio Di Colombia: El visionario que redefine la moda masculina<\/h2>\n\n\n\n<p>Al frente de este ambicioso proyecto se encuentra Guio Di Colombia, un referente de la moda nacional, fundador y presidente de la C\u00e1mara de la Moda Vallecaucana, y el gran art\u00edfice de esta revoluci\u00f3n en la moda masculina.<\/p>\n\n\n\n<p>Con una visi\u00f3n clara y apasionada, Guio ha logrado posicionar a Cali como un referente global de la moda para hombres, al crear una plataforma que no solo celebra el estilo, sino que impulsa el crecimiento de la industria en Colombia y Latinoam\u00e9rica.<\/p>\n\n\n\n<p>\u201cHomens Week no es solo una semana de moda. Es un movimiento que pone a los hombres en el centro de la conversaci\u00f3n sobre estilo y calidad. Estamos creando una plataforma que conecta a dise\u00f1adores, marcas y talentos emergentes con una audiencia que est\u00e1 lista para marcar tendencia. Es hora de que Latinoam\u00e9rica se reconozca a s\u00ed misma como un epicentro de la moda masculina&#8221;, comenta Guio Di Colombia.<\/p>\n\n\n\n<h2 class=\"wp-block-heading\">El casting de Homens Week: Una oportunidad \u00fanica<\/h2>\n\n\n\n<p>Uno de los momentos m\u00e1s esperados por los modelos y agencias de todo el pa\u00eds es el casting para modelos masculinos que se llevar\u00e1 a cabo el s\u00e1bado 9 de noviembre en el Centro Comercial Pacific Center (sal\u00f3n 302, tercer piso) de 2:00 a 6:00 p.m.<\/p>\n\n\n\n<p>Este casting es la puerta de entrada a las pasarelas de Homens Week 2024, un evento que se perfila como la plataforma m\u00e1s importante de modelaje masculino en la regi\u00f3n.<\/p>\n\n\n\n<p>Con la participaci\u00f3n de m\u00e1s de 200 modelos provenientes de diversas partes de Colombia, los aspirantes tendr\u00e1n la oportunidad de ser seleccionados por los dise\u00f1adores m\u00e1s prestigiosos de la moda masculina.<\/p>\n\n\n\n<p>Los dise\u00f1adores que participar\u00e1n en esta edici\u00f3n de Homens Week tendr\u00e1n la oportunidad de elegir a sus modelos directamente, lo que hace de este casting un evento crucial para quienes buscan destacar en el mundo del modelaje y la moda.<\/p>\n\n\n\n<p>Las agencias nacionales tendr\u00e1n el casting virtual el lunes festivo 11 de noviembre y recibir\u00e1n oportunamente el link oficial para presentarlo.<\/p>\n\n\n\n<h2 class=\"wp-block-heading\">Una experiencia exclusiva y multiplataforma<\/h2>\n\n\n\n<p>Homens Week 2024 no solo es un desfile de alta costura. Es una experiencia completa. Del 4 al 6 de diciembre, el Hotel Marriott y otras locaciones de Cali se transformar\u00e1n en un escaparate de lujo, donde se presentar\u00e1n las \u00faltimas colecciones de moda masculina de dise\u00f1adores nacionales e internacionales.<\/p>\n\n\n\n<p>Con desfiles de 10 dise\u00f1adores, el evento ofrecer\u00e1 una variedad de propuestas que incluyen ropa de alta gama, pr\u00eat-\u00e0-porter, y un sinf\u00edn de accesorios exclusivos.<\/p>\n\n\n\n<p>Adem\u00e1s, los asistentes podr\u00e1n disfrutar de experiencias interactivas que van m\u00e1s all\u00e1 de la moda, incluyendo zonas dedicadas a sombreros, perfumes, autom\u00f3viles de lujo, y mucho m\u00e1s, todo alineado con el estilo de vida del hombre moderno.<\/p>\n\n\n\n<p>Lo que hace a Homens Week \u00fanico es su capacidad para fusionar la alta moda con la experiencia de marca, creando un espacio donde las marcas pueden interactuar con su p\u00fablico, fortalecer su presencia y generar alianzas de negocio.<\/p>\n\n\n\n<p>Homens Week fomenta el empleo, la creatividad, y la innovaci\u00f3n, generando oportunidades para nuevos talentos y consolidando a la ciudad como un destino clave para los negocios internacionales de moda.<\/p>\n\n\n\n<p>El impacto de Homens Week 2024 ser\u00e1 mayor, pues se espera la participaci\u00f3n de m\u00e1s de 20.000 visitantes entre compradores, influencers, medios de comunicaci\u00f3n y p\u00fablico general, creando una plataforma de networking \u00fanica donde se fortalecer\u00e1n relaciones comerciales y se promover\u00e1 la moda nacional hacia mercados internacionales.<\/p>\n","protected":false},"excerpt":{"rendered":"<p>Cali est\u00e1 a punto de vivir uno de los momentos m\u00e1s trascendentales en el universo de la moda masculina en Latinoam\u00e9rica. Llega la tercera edici\u00f3n de Homens Week 2024 que se consolida como la \u00fanica semana de la moda masculina en Latinoam\u00e9rica, y todo indica que ser\u00e1 un evento de talla mundial. Del 4 al [&hellip;]<\/p>\n","protected":false},"author":2,"featured_media":1316,"comment_status":"open","ping_status":"open","sticky":false,"template":"","format":"standard","meta":{"_jetpack_newsletter_access":"","_jetpack_dont_email_post_to_subs":false,"_jetpack_newsletter_tier_id":0,"_jetpack_memberships_contains_paywalled_content":false,"_jetpack_memberships_contains_paid_content":false,"footnotes":""},"categories":[1],"tags":[],"class_list":{"0":"post-1315","1":"post","2":"type-post","3":"status-publish","4":"format-standard","5":"has-post-thumbnail","7":"category-blog"},"jetpack_sharing_enabled":true,"jetpack_featured_media_url":"https:\/\/i0.wp.com\/colombiabuenanota.com\/wp-content\/uploads\/2024\/11\/2.jpg?fit=700%2C466&ssl=1","jetpack-related-posts":[],"_links":{"self":[{"href":"https:\/\/colombiabuenanota.com\/index.php\/wp-json\/wp\/v2\/posts\/1315","targetHints":{"allow":["GET"]}}],"collection":[{"href":"https:\/\/colombiabuenanota.com\/index.php\/wp-json\/wp\/v2\/posts"}],"about":[{"href":"https:\/\/colombiabuenanota.com\/index.php\/wp-json\/wp\/v2\/types\/post"}],"author":[{"embeddable":true,"href":"https:\/\/colombiabuenanota.com\/index.php\/wp-json\/wp\/v2\/users\/2"}],"replies":[{"embeddable":true,"href":"https:\/\/colombiabuenanota.com\/index.php\/wp-json\/wp\/v2\/comments?post=1315"}],"version-history":[{"count":1,"href":"https:\/\/colombiabuenanota.com\/index.php\/wp-json\/wp\/v2\/posts\/1315\/revisions"}],"predecessor-version":[{"id":1317,"href":"https:\/\/colombiabuenanota.com\/index.php\/wp-json\/wp\/v2\/posts\/1315\/revisions\/1317"}],"wp:featuredmedia":[{"embeddable":true,"href":"https:\/\/colombiabuenanota.com\/index.php\/wp-json\/wp\/v2\/media\/1316"}],"wp:attachment":[{"href":"https:\/\/colombiabuenanota.com\/index.php\/wp-json\/wp\/v2\/media?parent=1315"}],"wp:term":[{"taxonomy":"category","embeddable":true,"href":"https:\/\/colombiabuenanota.com\/index.php\/wp-json\/wp\/v2\/categories?post=1315"},{"taxonomy":"post_tag","embeddable":true,"href":"https:\/\/colombiabuenanota.com\/index.php\/wp-json\/wp\/v2\/tags?post=1315"}],"curies":[{"name":"wp","href":"https:\/\/api.w.org\/{rel}","templated":true}]}}