{"id":1289,"date":"2024-11-06T16:36:55","date_gmt":"2024-11-06T21:36:55","guid":{"rendered":"https:\/\/colombiabuenanota.com\/?p=1289"},"modified":"2024-11-06T16:36:58","modified_gmt":"2024-11-06T21:36:58","slug":"google-lo-hace-por-que-no-tu-no-te-pierdas-este-evento-en-cali","status":"publish","type":"post","link":"https:\/\/colombiabuenanota.com\/index.php\/2024\/11\/06\/google-lo-hace-por-que-no-tu-no-te-pierdas-este-evento-en-cali\/","title":{"rendered":"Google lo hace, \u00bfpor qu\u00e9 no t\u00fa? No te pierdas este evento en Cali"},"content":{"rendered":"\n<p>La revoluci\u00f3n en el mercado laboral es innegable: hoy, m\u00e1s del 14% de los empleados de Google no cuentan con un t\u00edtulo universitario. Esta tendencia marca una transformaci\u00f3n en las pol\u00edticas de selecci\u00f3n, enfocadas ahora en competencias clave tanto t\u00e9cnicas (hard skills) como interpersonales (soft skills). La industria tecnol\u00f3gica ha dado un giro hacia el talento que, sin importar su contexto, demuestra habilidades excepcionales y adaptaci\u00f3n al mercado del SXXI.<\/p>\n\n\n\n<p>El sector TI en Colombia no se queda atr\u00e1s. Cada vez m\u00e1s empresas est\u00e1n apostando por j\u00f3venes altamente capacitados a trav\u00e9s de modelos educativos no convencionales. Plataformas como Platzi, Dom\u00e9stika y el <strong>programa J\u00f3venes creaTIvos en Colombia<\/strong> est\u00e1n liderando esta tendencia. Desde 2018, J\u00f3venes creaTIvos ha formado a m\u00e1s de 1,500 j\u00f3venes en condiciones de vulnerabilidad en habilidades TI demandadas, conect\u00e1ndolos con oportunidades laborales en empresas tecnol\u00f3gicas aliadas como Sofka Technologies, Lean Solutions Group, entre otras.<\/p>\n\n\n\n<p><strong>\u00a1Asiste a la Expoferia J\u00f3venes creaTIvos el pr\u00f3ximo 23 de noviembre en Cali!<\/strong><\/p>\n\n\n\n<p>Empresarios, reclutadores, desarrolladores de software y aliados del ecosistema TIC en Colombia: esta es una oportunidad \u00fanica para ser parte de una comunidad que abre las puertas del mundo TI a j\u00f3venes talentosos con pocas oportunidades de acceder a la educaci\u00f3n superior.<\/p>\n\n\n\n<p>La Expoferia J\u00f3venes creaTIvos surge como parte de un programa de educaci\u00f3n para el trabajo que equipa a j\u00f3venes con competencias en desarrollo de software, emprendimiento y habilidades blandas. Durante nueve meses, estos j\u00f3venes han adquirido conocimientos clave y desarrollado proyectos innovadores, listos para ser mostrados al pa\u00eds durante la Expoferia.<\/p>\n\n\n\n<p><strong>\u00bfQu\u00e9 encontrar\u00e1s en la Expoferia?<\/strong><\/p>\n\n\n\n<p>Una oportunidad para conectar con el talento emergente de primera mano. Los asistentes podr\u00e1n explorar los proyectos finales, sitios web dise\u00f1ados y desarrollados por estos j\u00f3venes. Esta es la ocasi\u00f3n de conocer de cerca su nivel de habilidad, compromiso y creatividad, y de identificar posibles candidatos para fortalecer el sector TI con perfiles talentosos y frescos o de apoyar esta causa a trav\u00e9s de voluntariado corporativo a fin de alinear las acciones de responsabilidad social de su empresa.<\/p>\n\n\n\n<p><strong>Detalles del evento:<\/strong><\/p>\n\n\n\n<ul class=\"wp-block-list\">\n<li>Fecha: S\u00e1bado, 23 de noviembre.<\/li>\n\n\n\n<li>Hora: 09:00 am a 12:00 m.<\/li>\n\n\n\n<li>Confirmaci\u00f3n de asistencia: Reserva tu lugar en el siguiente enlace: <a href=\"https:\/\/tocaunavida.org\/expoferia-cali\/\" target=\"_blank\" rel=\"noopener\">https:\/\/tocaunavida.org\/expoferia-cali\/<\/a><\/li>\n\n\n\n<li>Consultas: Puedes comunicarte por WhatsApp 3186140430<\/li>\n<\/ul>\n\n\n\n<p>Este evento es organizado por la Fundaci\u00f3n ROF\u00c9, una organizaci\u00f3n sin fines de lucro que democratiza el acceso a la educaci\u00f3n y promueve el aprendizaje continuo, empoderando a j\u00f3venes y mujeres para alcanzar la autosuficiencia econ\u00f3mica y prosperar.<\/p>\n\n\n\n<p>\u00a1S\u00e9 parte de la Expoferia J\u00f3venes creaTIvos y descubre el talento del futuro en tecnolog\u00eda!<\/p>\n","protected":false},"excerpt":{"rendered":"<p>La revoluci\u00f3n en el mercado laboral es innegable: hoy, m\u00e1s del 14% de los empleados de Google no cuentan con un t\u00edtulo universitario. Esta tendencia marca una transformaci\u00f3n en las pol\u00edticas de selecci\u00f3n, enfocadas ahora en competencias clave tanto t\u00e9cnicas (hard skills) como interpersonales (soft skills). La industria tecnol\u00f3gica ha dado un giro hacia el [&hellip;]<\/p>\n","protected":false},"author":2,"featured_media":1290,"comment_status":"open","ping_status":"open","sticky":false,"template":"","format":"standard","meta":{"_jetpack_newsletter_access":"","_jetpack_dont_email_post_to_subs":false,"_jetpack_newsletter_tier_id":0,"_jetpack_memberships_contains_paywalled_content":false,"_jetpack_memberships_contains_paid_content":false,"footnotes":""},"categories":[14],"tags":[],"class_list":{"0":"post-1289","1":"post","2":"type-post","3":"status-publish","4":"format-standard","5":"has-post-thumbnail","7":"category-ciudades-buena-nota"},"jetpack_sharing_enabled":true,"jetpack_featured_media_url":"https:\/\/i0.wp.com\/colombiabuenanota.com\/wp-content\/uploads\/2024\/11\/WhatsApp-Image-2024-11-06-at-9.47.45-AM.jpg?fit=700%2C700&ssl=1","jetpack-related-posts":[],"_links":{"self":[{"href":"https:\/\/colombiabuenanota.com\/index.php\/wp-json\/wp\/v2\/posts\/1289","targetHints":{"allow":["GET"]}}],"collection":[{"href":"https:\/\/colombiabuenanota.com\/index.php\/wp-json\/wp\/v2\/posts"}],"about":[{"href":"https:\/\/colombiabuenanota.com\/index.php\/wp-json\/wp\/v2\/types\/post"}],"author":[{"embeddable":true,"href":"https:\/\/colombiabuenanota.com\/index.php\/wp-json\/wp\/v2\/users\/2"}],"replies":[{"embeddable":true,"href":"https:\/\/colombiabuenanota.com\/index.php\/wp-json\/wp\/v2\/comments?post=1289"}],"version-history":[{"count":1,"href":"https:\/\/colombiabuenanota.com\/index.php\/wp-json\/wp\/v2\/posts\/1289\/revisions"}],"predecessor-version":[{"id":1291,"href":"https:\/\/colombiabuenanota.com\/index.php\/wp-json\/wp\/v2\/posts\/1289\/revisions\/1291"}],"wp:featuredmedia":[{"embeddable":true,"href":"https:\/\/colombiabuenanota.com\/index.php\/wp-json\/wp\/v2\/media\/1290"}],"wp:attachment":[{"href":"https:\/\/colombiabuenanota.com\/index.php\/wp-json\/wp\/v2\/media?parent=1289"}],"wp:term":[{"taxonomy":"category","embeddable":true,"href":"https:\/\/colombiabuenanota.com\/index.php\/wp-json\/wp\/v2\/categories?post=1289"},{"taxonomy":"post_tag","embeddable":true,"href":"https:\/\/colombiabuenanota.com\/index.php\/wp-json\/wp\/v2\/tags?post=1289"}],"curies":[{"name":"wp","href":"https:\/\/api.w.org\/{rel}","templated":true}]}}