{"id":1283,"date":"2024-11-06T16:19:25","date_gmt":"2024-11-06T21:19:25","guid":{"rendered":"https:\/\/colombiabuenanota.com\/?p=1283"},"modified":"2024-11-06T16:19:28","modified_gmt":"2024-11-06T21:19:28","slug":"johanna-valdivieso-la-valdi-ganadora-de-el-trepe","status":"publish","type":"post","link":"https:\/\/colombiabuenanota.com\/index.php\/2024\/11\/06\/johanna-valdivieso-la-valdi-ganadora-de-el-trepe\/","title":{"rendered":"Johanna Valdivieso \u2018La Valdi\u2019, ganadora de El Trepe"},"content":{"rendered":"\n<p>Con m\u00e1s de seis a\u00f1os en la escena Drag, \u2018La Valdi\u2019, fue proclamada el pasado 1 de noviembre, como la ganadora del Festival de Arte, Cultura y Memoria El Trepe. <\/p>\n\n\n\n<p>Tras escuchar su nombre \u2018La Valdi\u2019 manifest\u00f3 que \u201cel primer pensamiento que tuve fue: LO<br>LOGRAMOS, por eso luego de dar una reverencia en forma de agradecimiento al jurado y<br>al p\u00fablico, mi primera reacci\u00f3n fue saltar de emoci\u00f3n\u201d. <\/p>\n\n\n\n<p>El segundo puesto fue para la paisa Dalila Velvet y el tercero para la artista conocida en la escena Drag como Fenty.<br><\/p>\n\n\n\n<h2 class=\"wp-block-heading\">\u00bfQui\u00e9n es La Valdi?<\/h2>\n\n\n\n<p>Johanna Valdivieso inici\u00f3 en reinados de belleza, pero luego lleg\u00f3 a los escenarios como<br>una showgirl. Ha sido ganadora de la competencia virtual, Drag Queen Champion Fire<br>International y obtuvo el puesto de primera finalista en el Reality de YouTube: La Drag<br>Queen Soy Yo, grabado en Nueva York, USA.<\/p>\n\n\n\n<p><br>Durante su participaci\u00f3n en el Festival, \u2018La Valdi\u2019 no solo conquist\u00f3 al jurado, con su<br>majestuosa producci\u00f3n art\u00edstica, sino tambi\u00e9n los corazones de los asistentes que<br>eliminatoria tras eliminatoria se sumaron con voces de apoyo: \u201chaber usado la plataforma de El Trepe me permiti\u00f3 ser una portavoz y dar un mensaje de impacto a la comunidad<br>LGBTIQ+, lo cual considero, que adem\u00e1s de mi show, eso me hizo destacar. De hecho, al<br>terminar mi presentaci\u00f3n, personas que no conoc\u00eda se me acercaban con l\u00e1grimas en los<br>ojos dici\u00e9ndome Gracias. Y eso fue una ganancia para m\u00ed\u201d, asegura.<\/p>\n\n\n\n<p>Al finalizar su participaci\u00f3n, la ganadora de la segunda edici\u00f3n de El Trepe aprovech\u00f3 para<br>agradecer a quienes la acompa\u00f1aron durante todo el proceso: \u201cEste reconocimiento lo<br>extiendo al equipo que me ayud\u00f3: a Jose Dom\u00ednguez Moda por vestirme en las tres galas; a Jos\u00e9 Juli\u00e1n por mi styling; a mis bailarines Juan, B\u00e1rbara, Tyra, Latina. A Juan Jos\u00e9 por las visuales del show; a Zafiro, por tu asistencia en el camerino, a Wassily que defini\u00f3 junto a m\u00ed, el mensaje y la idea principal del show; y a mi parchecito que desde el d\u00eda cero<br>estuvieron ah\u00ed, d\u00e1ndome \u00e1nimo, a todxs gracias\u201d.<\/p>\n\n\n\n<p>Para los organizadores de El Trepe, Melissa M. Arias y Manu Mojito, quienes crearon esta<br>iniciativa como una respuesta a la urgente necesidad de fomentar la diversidad y la<br>inclusi\u00f3n en el \u00e1mbito cultural y art\u00edstico de comunidades drag, queer y no binarias en el<br>pa\u00eds, es indispensable crear espacios que promuevan la cultura LGBTIQ+, manifestada en<br>las artes visuales, la fotograf\u00eda, la escultura, el emprendimiento, el drag, el transformismo, la comunidad ballroom (vogue), donde la danza, la fonom\u00edmica, la caracterizaci\u00f3n y el<br>vestuario permiten crear espect\u00e1culos en vivo que trascienden de los bares y la vida<br>nocturna, para ser reconocidos como shows performativos y art\u00edsticos con espacios<br>culturales anclados a ellos.<\/p>\n\n\n\n<p><br>Por eso, anunciaron que su pr\u00f3ximo objetivo \u201ces ampliar el alcance y la participaci\u00f3n,<br>llevando El Trepe a nuevos lugares y comunidades que puedan beneficiarse del esp\u00edritu<br>inclusivo y celebratorio del evento. Buscamos colaborar con m\u00e1s aliados estrat\u00e9gicos, expandiendo nuestras actividades y programas para fomentar un entorno inclusivo que<br>promueva la diversidad y el arte en sus m\u00faltiples formas\u201d.<\/p>\n\n\n\n<p><br>El Trepe seguir\u00e1 su rumbo, convocando a quienes entienden la importancia y necesidad de<br>proyectos como \u00e9ste, uniendo esfuerzos con organizaciones, entidades y empresas que<br>quieren apostarle a la diversidad.<\/p>\n","protected":false},"excerpt":{"rendered":"<p>Con m\u00e1s de seis a\u00f1os en la escena Drag, \u2018La Valdi\u2019, fue proclamada el pasado 1 de noviembre, como la ganadora del Festival de Arte, Cultura y Memoria El Trepe. Tras escuchar su nombre \u2018La Valdi\u2019 manifest\u00f3 que \u201cel primer pensamiento que tuve fue: LOLOGRAMOS, por eso luego de dar una reverencia en forma de [&hellip;]<\/p>\n","protected":false},"author":2,"featured_media":1284,"comment_status":"open","ping_status":"open","sticky":false,"template":"","format":"standard","meta":{"_jetpack_newsletter_access":"","_jetpack_dont_email_post_to_subs":false,"_jetpack_newsletter_tier_id":0,"_jetpack_memberships_contains_paywalled_content":false,"_jetpack_memberships_contains_paid_content":false,"footnotes":""},"categories":[6],"tags":[],"class_list":{"0":"post-1283","1":"post","2":"type-post","3":"status-publish","4":"format-standard","5":"has-post-thumbnail","7":"category-cultura-y-turismo"},"jetpack_sharing_enabled":true,"jetpack_featured_media_url":"https:\/\/i0.wp.com\/colombiabuenanota.com\/wp-content\/uploads\/2024\/11\/IMG_4020.jpeg?fit=700%2C466&ssl=1","jetpack-related-posts":[],"_links":{"self":[{"href":"https:\/\/colombiabuenanota.com\/index.php\/wp-json\/wp\/v2\/posts\/1283","targetHints":{"allow":["GET"]}}],"collection":[{"href":"https:\/\/colombiabuenanota.com\/index.php\/wp-json\/wp\/v2\/posts"}],"about":[{"href":"https:\/\/colombiabuenanota.com\/index.php\/wp-json\/wp\/v2\/types\/post"}],"author":[{"embeddable":true,"href":"https:\/\/colombiabuenanota.com\/index.php\/wp-json\/wp\/v2\/users\/2"}],"replies":[{"embeddable":true,"href":"https:\/\/colombiabuenanota.com\/index.php\/wp-json\/wp\/v2\/comments?post=1283"}],"version-history":[{"count":1,"href":"https:\/\/colombiabuenanota.com\/index.php\/wp-json\/wp\/v2\/posts\/1283\/revisions"}],"predecessor-version":[{"id":1285,"href":"https:\/\/colombiabuenanota.com\/index.php\/wp-json\/wp\/v2\/posts\/1283\/revisions\/1285"}],"wp:featuredmedia":[{"embeddable":true,"href":"https:\/\/colombiabuenanota.com\/index.php\/wp-json\/wp\/v2\/media\/1284"}],"wp:attachment":[{"href":"https:\/\/colombiabuenanota.com\/index.php\/wp-json\/wp\/v2\/media?parent=1283"}],"wp:term":[{"taxonomy":"category","embeddable":true,"href":"https:\/\/colombiabuenanota.com\/index.php\/wp-json\/wp\/v2\/categories?post=1283"},{"taxonomy":"post_tag","embeddable":true,"href":"https:\/\/colombiabuenanota.com\/index.php\/wp-json\/wp\/v2\/tags?post=1283"}],"curies":[{"name":"wp","href":"https:\/\/api.w.org\/{rel}","templated":true}]}}