{"id":1267,"date":"2024-10-22T16:49:08","date_gmt":"2024-10-22T21:49:08","guid":{"rendered":"https:\/\/colombiabuenanota.com\/?p=1267"},"modified":"2024-10-22T16:49:11","modified_gmt":"2024-10-22T21:49:11","slug":"los-eventos-deportivos-que-hacen-parte-de-la-agenda-cop16","status":"publish","type":"post","link":"https:\/\/colombiabuenanota.com\/index.php\/2024\/10\/22\/los-eventos-deportivos-que-hacen-parte-de-la-agenda-cop16\/","title":{"rendered":"Conozca los eventos deportivos que hacen parte de la agenda COP16"},"content":{"rendered":"\n<p>La <em>COP16<\/em> es el evento sobre biodiversidad m\u00e1s importante del mundo y dentro del mismo no pod\u00eda faltar una actividad que hace de Cali la <em>\u2018Capital Deportiva de Colombia y de Am\u00e9rica\u2019<\/em>. Por eso y durante la <em>Cumbre Mundial<\/em>, la Secretar\u00eda del Deporte y la Recreaci\u00f3n Distrital tiene proyectada una variada oferta que incluye <em>caminatas, una carrera atl\u00e9tica y un espacio acad\u00e9mico<\/em>.<\/p>\n\n\n\n<p>Para comenzar, la <strong><em>\u2018Carrera 4.2K Farallones Trail Run COP16\u2019<\/em><\/strong> ser\u00e1 la sexta competencia gratuita del a\u00f1o y se correr\u00e1 el <em>domingo 27 de octubre<\/em>. Los participantes deber\u00e1n estar a las 6:00 a.m. en la <em>Fundaci\u00f3n Sal y Luz<\/em> para el calentamiento, con la salida programada a las 6:30 a.m. y la premiaci\u00f3n a las 9:00 a.m.<\/p>\n\n\n\n<p>Esta competencia atl\u00e9tica tendr\u00e1 un aforo de <em>2.500 personas<\/em> y se espera la participaci\u00f3n de extranjeros que asisten a la <em>COP16<\/em>. Los interesados deben estar atentos al <strong>enlace<\/strong> que se publicar\u00e1 en las <strong>redes<\/strong> de la Secretar\u00eda los d\u00edas martes (<em>22.10.2024<\/em>), a partir de las 3:00 p.m., hasta el mi\u00e9rcoles (<em>23.10.2024<\/em>) a las 3:00 p.m., para preinscribirse y participar del sorteo. La entrega de kits se realizar\u00e1 el s\u00e1bado 26 de octubre en el <em>Orquideorama<\/em>, de 8:00 a.m. a 4:00 p.m.<\/p>\n\n\n\n<p>El recorrido iniciar\u00e1 en la <em>Fundaci\u00f3n Sal y Luz;<\/em> descender\u00e1 hasta el r\u00edo Cali; ascender\u00e1 hasta la vereda Pilas del Cabuyal; para culminar en el recodo al lado del r\u00edo, ofreciendo a los competidores una experiencia cercana a la rica biodiversidad de la regi\u00f3n.<\/p>\n\n\n\n<p>La <em>\u20184.2K Farallones Trail Run COP16\u2019<\/em> ser\u00e1 ejemplo de c\u00f3mo fomentar una cultura de sostenibilidad y conservaci\u00f3n ambiental a trav\u00e9s del deporte.<br><br>Desde hace meses, se implement\u00f3 una campa\u00f1a de recolecci\u00f3n de residuos aprovechables en la Secretar\u00eda del Deporte y la Recreaci\u00f3n, reuniendo m\u00e1s de 12 bultos de tapas recicladas con la colaboraci\u00f3n de contratistas y funcionarios. Con estas tapas se fundieron las medallas de la carrera, a trav\u00e9s de un proceso de reciclaje. De igual forma, la cinta de las preseas est\u00e1 hecha de bolsas pl\u00e1sticas que se utilizaban en la Ciclovida.<\/p>\n\n\n\n<p><em>Y un dato muy importante a destacar:<\/em> durante la prueba no se entregar\u00e1n bolsas de agua; en su lugar habr\u00e1 dispensadores disponibles. Adem\u00e1s, la tula y la camiseta que recibir\u00e1n los participantes son de poli\u00e9ster reciclable.<\/p>\n\n\n\n<h2 class=\"wp-block-heading\"><strong>M\u00e1s deporte en la COP16<\/strong><\/h2>\n\n\n\n<figure class=\"wp-block-video\"><video controls src=\"https:\/\/colombiabuenanota.com\/wp-content\/uploads\/2024\/10\/WhatsApp-Video-2024-10-22-at-4.14.35-PM.mp4\"><\/video><\/figure>\n\n\n\n<p>El mismo domingo 27 de octubre, de 1:00 a 6:00 p.m., la <strong><em>\u2018Ciudadela de la Alegr\u00eda\u2019<\/em><\/strong> tendr\u00e1 una nueva edici\u00f3n en la Unidad Deportiva Jaime Aparicio, con el lema <em>\u2018Biodiversidad y Cuidado Ambiental\u2019<\/em>. La organizaci\u00f3n tiene capacidad para m\u00e1s de 10.000 personas.<\/p>\n\n\n\n<p>Los asistentes entregar\u00e1n <em>cinco tapas pl\u00e1sticas<\/em> para elaborar un gran mural, que busca generar conciencia sobre la importancia de cuidar el medio ambiente.<\/p>\n\n\n\n<p>El evento, que muestra toda la oferta deportiva y recreativa de la Secretar\u00eda, adem\u00e1s de inflables, obras de teatro, entrega de kits y shows art\u00edsticos, es gratuito para todos los cale\u00f1os.<br><br>Los interesados pueden encontrar los <strong>enlaces de inscripci\u00f3n<\/strong> en las <em>redes sociales<\/em>, los d\u00edas jueves (<em>24.10.2024<\/em>) y viernes (<em>25.10.2024<\/em>). Quienes no realicen la inscripci\u00f3n, no recibir\u00e1n el <em>kit de bienvenida<\/em> pero podr\u00e1n disfrutar de toda la programaci\u00f3n.<\/p>\n\n\n\n<p><\/p>\n\n\n\n<h2 class=\"wp-block-heading\"><strong>Tiempo de foro<\/strong><\/h2>\n\n\n\n<p>El 31 de octubre se realizar\u00e1, en el auditorio principal de la C\u00e1mara de Comercio de Cali, el <strong><em>Foro \u2018Deporte y Medio Ambiente: lineamientos para un deporte sostenible\u2019<\/em><\/strong>, de 7:30 a 11:45 a.m., organizado por el Ministerio del Deporte.<\/p>\n\n\n\n<h2 class=\"wp-block-heading\"><strong>A caminar se dijo<\/strong><\/h2>\n\n\n\n<p>Para los amantes de las <em>caminatas<\/em>, <em>del<\/em> <em>23 al 31 de octubre<\/em> se desarrollar\u00e1n <em>nueve jornadas<\/em> en diferentes puntos de la ciudad, <em>de 6:30 a 8:00 a.m.,<\/em> con salidas en los hoteles <em>Marriot, Intercontinental, Spiwak, El Pe\u00f1\u00f3n y NH. <\/em>Lo anterior,dentro de la oferta del programa <em>Carreras y Caminatas<\/em> y con la coordinaci\u00f3n de monitores especializados.<\/p>\n\n\n\n<p><em>\u201cEn la Ciclovida le dimos la bienvenida a la COP16, con un pabell\u00f3n que cont\u00f3 con diferentes aliados como Parques Nacionales Naturales de Colombia, las universidades del Valle y de San Buenaventura, entre otros actores, que le contaron a los cale\u00f1os la importancia del cuidado del medio ambiente. Promovimos la Ciclovida como un entorno deportivo, sostenible y saludable y ahora nos preparamos para las dem\u00e1s actividades que incluyen carreras, caminatas y capacitaci\u00f3n. Celebramos que somos \u2018Capital de la Biodiversidad\u2019, \u2018Capital Deportiva de Colombia y de Am\u00e9rica\u2019 y que, adem\u00e1s, \u00a1Cali es donde debes estar!\u201d<\/em>, expres\u00f3 Felipe Montoya, secretario del Deporte y la Recreaci\u00f3n Distrital.<br><\/p>\n","protected":false},"excerpt":{"rendered":"<p>La COP16 es el evento sobre biodiversidad m\u00e1s importante del mundo y dentro del mismo no pod\u00eda faltar una actividad que hace de Cali la \u2018Capital Deportiva de Colombia y de Am\u00e9rica\u2019. Por eso y durante la Cumbre Mundial, la Secretar\u00eda del Deporte y la Recreaci\u00f3n Distrital tiene proyectada una variada oferta que incluye caminatas, [&hellip;]<\/p>\n","protected":false},"author":2,"featured_media":1269,"comment_status":"open","ping_status":"open","sticky":false,"template":"","format":"standard","meta":{"_jetpack_newsletter_access":"","_jetpack_dont_email_post_to_subs":false,"_jetpack_newsletter_tier_id":0,"_jetpack_memberships_contains_paywalled_content":false,"_jetpack_memberships_contains_paid_content":false,"footnotes":""},"categories":[7],"tags":[],"class_list":{"0":"post-1267","1":"post","2":"type-post","3":"status-publish","4":"format-standard","5":"has-post-thumbnail","7":"category-deportes"},"jetpack_sharing_enabled":true,"jetpack_featured_media_url":"https:\/\/i0.wp.com\/colombiabuenanota.com\/wp-content\/uploads\/2024\/10\/person-training-athletics.jpg?fit=700%2C467&ssl=1","jetpack-related-posts":[],"_links":{"self":[{"href":"https:\/\/colombiabuenanota.com\/index.php\/wp-json\/wp\/v2\/posts\/1267","targetHints":{"allow":["GET"]}}],"collection":[{"href":"https:\/\/colombiabuenanota.com\/index.php\/wp-json\/wp\/v2\/posts"}],"about":[{"href":"https:\/\/colombiabuenanota.com\/index.php\/wp-json\/wp\/v2\/types\/post"}],"author":[{"embeddable":true,"href":"https:\/\/colombiabuenanota.com\/index.php\/wp-json\/wp\/v2\/users\/2"}],"replies":[{"embeddable":true,"href":"https:\/\/colombiabuenanota.com\/index.php\/wp-json\/wp\/v2\/comments?post=1267"}],"version-history":[{"count":1,"href":"https:\/\/colombiabuenanota.com\/index.php\/wp-json\/wp\/v2\/posts\/1267\/revisions"}],"predecessor-version":[{"id":1270,"href":"https:\/\/colombiabuenanota.com\/index.php\/wp-json\/wp\/v2\/posts\/1267\/revisions\/1270"}],"wp:featuredmedia":[{"embeddable":true,"href":"https:\/\/colombiabuenanota.com\/index.php\/wp-json\/wp\/v2\/media\/1269"}],"wp:attachment":[{"href":"https:\/\/colombiabuenanota.com\/index.php\/wp-json\/wp\/v2\/media?parent=1267"}],"wp:term":[{"taxonomy":"category","embeddable":true,"href":"https:\/\/colombiabuenanota.com\/index.php\/wp-json\/wp\/v2\/categories?post=1267"},{"taxonomy":"post_tag","embeddable":true,"href":"https:\/\/colombiabuenanota.com\/index.php\/wp-json\/wp\/v2\/tags?post=1267"}],"curies":[{"name":"wp","href":"https:\/\/api.w.org\/{rel}","templated":true}]}}