{"id":1264,"date":"2024-10-21T15:57:17","date_gmt":"2024-10-21T20:57:17","guid":{"rendered":"https:\/\/colombiabuenanota.com\/?p=1264"},"modified":"2024-10-21T15:57:20","modified_gmt":"2024-10-21T20:57:20","slug":"pacific-center-le-dio-la-bienvenida-a-la-cop-16","status":"publish","type":"post","link":"https:\/\/colombiabuenanota.com\/index.php\/2024\/10\/21\/pacific-center-le-dio-la-bienvenida-a-la-cop-16\/","title":{"rendered":"Pacific Center le dio la bienvenida a la COP 16"},"content":{"rendered":"\n<p>Pacific Center, con el prop\u00f3sito de integrarse al evento biodiverso m\u00e1s importante del mundo, la COP16, brinda a sus visitantes de todas las edades una completa y variada programaci\u00f3n, la cual fue lanzada el pasado jueves 17 de octubre en el centro comercial. Se trata de una agenda especialmente dise\u00f1ada para integrarse a los esfuerzos de ciudad en torno a la reflexi\u00f3n y la relaci\u00f3n con la diversidad biol\u00f3gica, adem\u00e1s de destacar la belleza de nuestra biodiversidad.<\/p>\n\n\n\n<p>En la plazoleta central de Pacific Center, ubicada en el primero piso, comenz\u00f3 el recorrido que llev\u00f3 a periodistas e invitados especiales a trav\u00e9s de una experiencia biodiversa que el p\u00fablico en general podr\u00e1 vivir desde hoy  21 de octubre  y hasta el 31 del mismo mes en distintos momentos:<\/p>\n\n\n\n<ul class=\"wp-block-list\">\n<li>Gata biodiversa<\/li>\n\n\n\n<li>Farmer market \u2013 2do piso<\/li>\n\n\n\n<li>Punto ecol\u00f3gico green space \u2013 2do piso<\/li>\n\n\n\n<li>\u00c1rbol del conocimiento \u2013 3er piso<\/li>\n\n\n\n<li>Intervenci\u00f3n art\u00edstica s\u00f3tanos flora y fauna del Valle del Cauca<\/li>\n\n\n\n<li>Estaci\u00f3n de recarga el\u00e9ctrica<\/li>\n\n\n\n<li>Unidad t\u00e9cnica para manejo de residuos<\/li>\n\n\n\n<li>Zonas de experiencia \u2013 plazoleta central y U.D Alberto Galindo<\/li>\n<\/ul>\n\n\n\n<ul class=\"wp-block-list\">\n<li>Proyecto de energ\u00eda fotovoltaica<\/li>\n\n\n\n<li>Exposiciones viveros Cali \u2013 Arte sobre textil<\/li>\n\n\n\n<li>Actividad acad\u00e9mica \u2018Hackaton de Moda Express\u2019<\/li>\n\n\n\n<li>Celebraci\u00f3n BioHalloweend<\/li>\n<\/ul>\n\n\n\n<p>Con cada una de estas experiencias, Pacific Center se integra a la COP16, reconociendo al evento como el m\u00e1s importante del mundo en su especie y una oportunidad \u00fanica para crear conciencia acerca de la importancia de conocer, disfrutar, aprender y proteger nuestra maravillosa biodiversidad.<\/p>\n\n\n\n<p>Uno de los puntos de la programaci\u00f3n con los que se espera llamar la atenci\u00f3n de los visitantes es la intervenci\u00f3n art\u00edstica de los s\u00f3tanos 1, 2 y 3 del centro comercial. <em>\u201cPara esto invitamos a varios artistas regionales a participar en un concurso de Arte Urbano para realizar una intervenci\u00f3n art\u00edstica que comunique la riqueza, belleza y biodiversidad de la flora y fauna de la regi\u00f3n Pac\u00edfico. Las intervenciones fueron hechas en 19 columnas por cada uno de los tres s\u00f3tanos\u201d<\/em>, afirma Carlos Henao, gerente de Pacific Center, agregando que <em>\u201cel prop\u00f3sito es mostrar la riqueza en biodiversidad de nuestra regi\u00f3n, a la vez que se promueven las expresiones del arte urbano. Esta intervenci\u00f3n busca generar un di\u00e1logo visual con propios y visitantes, fomentando la conciencia ambiental\u201d<\/em>.<\/p>\n\n\n\n<p>Otra de las grandes atracciones de esta nutrida agenda es la Gata Biodiversa, la cual naci\u00f3 como parte de las famosas gatas de Tejada ubicadas en la ribera del r\u00edo Cali. <em>\u201cNos pareci\u00f3 muy apropiado embellecer a Pacific Center con Anabella, una de las gatas del r\u00edo que, siendo parte de nuestro imaginario, no quiso quedarse en esa zona como una m\u00e1s de las novias del famoso gato, sino continuar su recorrido por la vida hasta ir a parar con nosotros, donde ahora es la Gata Biodiversa con la que podr\u00e1n posar todos nuestros visitantes\u201d<\/em>, aclara Carlos Henao. Se trata de una escultura 1.30mts de alto, fundida en fibra de vidrio sobre una base reforzada y fija, proveniente del taller de Alejandro Valencia Tejada, la cual fue intervenida para Pacific Center por la artista Liliana Ortiz bajo el concepto art\u00edstico del gerente Carlos Henao.<\/p>\n\n\n\n<p><em>\u201cAdicional a todo lo anterior, tendremos tambi\u00e9n lo que se ha denominado como \u2018Hackaton Moda Express\u2019, una serie de conferencias, charlas y talleres conducidos por expertos en estos temas que abordar\u00e1n las distintas problem\u00e1ticas ambientales que afectan nuestro entorno, buscando que los participantes trabajen propuestas que busquen mejorar y\/o disminuir los impactos a los que la humanidad se enfrenta a diario\u201d<\/em>, concluye Henao. Esta Hackaton de Moda Express se desarrollar\u00e1 en el centro comercial el 24 de octubre de 9am a 6pm.<\/p>\n\n\n\n<p>A trav\u00e9s de grandes eventos como este, especialmente dise\u00f1ado para vincularse a la COP16, Pacific Center sigue consolid\u00e1ndose como uno de los lugares preferidos por cale\u00f1os y visitantes para recorrerlo y hacer sus compras, ya que en sus instalaciones encuentran no solo las mejores marcas, productos y servicios, sino tambi\u00e9n distintas actividades que mes tras mes proponen entretenimiento, cultura, moda, aprendizaje y muchas otras opciones para toda la familia.<\/p>\n","protected":false},"excerpt":{"rendered":"<p>Pacific Center, con el prop\u00f3sito de integrarse al evento biodiverso m\u00e1s importante del mundo, la COP16, brinda a sus visitantes de todas las edades una completa y variada programaci\u00f3n, la cual fue lanzada el pasado jueves 17 de octubre en el centro comercial. Se trata de una agenda especialmente dise\u00f1ada para integrarse a los esfuerzos [&hellip;]<\/p>\n","protected":false},"author":2,"featured_media":1265,"comment_status":"open","ping_status":"open","sticky":false,"template":"","format":"standard","meta":{"_jetpack_newsletter_access":"","_jetpack_dont_email_post_to_subs":false,"_jetpack_newsletter_tier_id":0,"_jetpack_memberships_contains_paywalled_content":false,"_jetpack_memberships_contains_paid_content":false,"footnotes":""},"categories":[14],"tags":[],"class_list":{"0":"post-1264","1":"post","2":"type-post","3":"status-publish","4":"format-standard","5":"has-post-thumbnail","7":"category-ciudades-buena-nota"},"jetpack_sharing_enabled":true,"jetpack_featured_media_url":"https:\/\/i0.wp.com\/colombiabuenanota.com\/wp-content\/uploads\/2024\/10\/IMG-20241017-WA0299.jpg?fit=700%2C1050&ssl=1","jetpack-related-posts":[],"_links":{"self":[{"href":"https:\/\/colombiabuenanota.com\/index.php\/wp-json\/wp\/v2\/posts\/1264","targetHints":{"allow":["GET"]}}],"collection":[{"href":"https:\/\/colombiabuenanota.com\/index.php\/wp-json\/wp\/v2\/posts"}],"about":[{"href":"https:\/\/colombiabuenanota.com\/index.php\/wp-json\/wp\/v2\/types\/post"}],"author":[{"embeddable":true,"href":"https:\/\/colombiabuenanota.com\/index.php\/wp-json\/wp\/v2\/users\/2"}],"replies":[{"embeddable":true,"href":"https:\/\/colombiabuenanota.com\/index.php\/wp-json\/wp\/v2\/comments?post=1264"}],"version-history":[{"count":1,"href":"https:\/\/colombiabuenanota.com\/index.php\/wp-json\/wp\/v2\/posts\/1264\/revisions"}],"predecessor-version":[{"id":1266,"href":"https:\/\/colombiabuenanota.com\/index.php\/wp-json\/wp\/v2\/posts\/1264\/revisions\/1266"}],"wp:featuredmedia":[{"embeddable":true,"href":"https:\/\/colombiabuenanota.com\/index.php\/wp-json\/wp\/v2\/media\/1265"}],"wp:attachment":[{"href":"https:\/\/colombiabuenanota.com\/index.php\/wp-json\/wp\/v2\/media?parent=1264"}],"wp:term":[{"taxonomy":"category","embeddable":true,"href":"https:\/\/colombiabuenanota.com\/index.php\/wp-json\/wp\/v2\/categories?post=1264"},{"taxonomy":"post_tag","embeddable":true,"href":"https:\/\/colombiabuenanota.com\/index.php\/wp-json\/wp\/v2\/tags?post=1264"}],"curies":[{"name":"wp","href":"https:\/\/api.w.org\/{rel}","templated":true}]}}