{"id":1261,"date":"2024-10-21T12:42:31","date_gmt":"2024-10-21T17:42:31","guid":{"rendered":"https:\/\/colombiabuenanota.com\/?p=1261"},"modified":"2024-10-21T12:42:34","modified_gmt":"2024-10-21T17:42:34","slug":"ecosistema-allianz-sera-presentado-en-la-cop-16","status":"publish","type":"post","link":"https:\/\/colombiabuenanota.com\/index.php\/2024\/10\/21\/ecosistema-allianz-sera-presentado-en-la-cop-16\/","title":{"rendered":"Ecosistema Allianz ser\u00e1 presentado en la COP 16"},"content":{"rendered":"\n<p>La aseguradora m\u00e1s antigua del pa\u00eds con 150 a\u00f1os de trayectoria y la \u00fanica con un Fondo Voluntario de Pensiones, estar\u00e1 presente en la COP 16, la Conferencia bianual sobre Biodiversidad m\u00e1s importante del mundo que, este a\u00f1o, se llevar\u00e1 a cabo en la ciudad de Cali, del 21 de octubre al 1 de noviembre, para presentar su iniciativa sostenible de largo aliento llamada, <strong><em>\u2018Ecosistema Allianz\u2019.<\/em><\/strong><\/p>\n\n\n\n<p>A trav\u00e9s de este proyecto, la compa\u00f1\u00eda sembrar\u00e1, en 2024, m\u00e1s de 3.800 \u00e1rboles en diferentes zonas del pa\u00eds, espec\u00edficamente en los departamentos de Antioquia y Cundinamarca, para contribuir con la protecci\u00f3n de la biodiversidad, los ecosistemas y los recursos h\u00eddricos. Igualmente, en los siguientes a\u00f1os, la aseguradora sembrar\u00e1 m\u00ednimo 1.000 \u00e1rboles para seguir escalando esta iniciativa.<\/p>\n\n\n\n<p>El \u2018Ecosistema Allianz\u2019es una realidad gracias al circuito de carreras Allianz 15K, la competencia de quince kil\u00f3metros m\u00e1s importante a nivel nacional que, como en cada edici\u00f3n, destina un porcentaje de cada inscripci\u00f3n vendida para apoyar una causa sostenible en el pa\u00eds. Este a\u00f1o, gracias al aporte de los trece mil corredores que participaron de las carreras Allianz 15K en Bogot\u00e1 y Medell\u00edn, la aseguradora, por medio de la Fundaci\u00f3n Allianz Colombia, logr\u00f3 materializar esta iniciativa.<\/p>\n\n\n\n<p>En ambas regiones, los \u00e1rboles que ser\u00e1n donados y sembrados por Allianz Colombia estar\u00e1n ubicados en lugares de f\u00e1cil acceso y que, eventualmente, podr\u00e1n ser visitados por las personas y, en especial, por los corredores de la Allianz 15K en Bogot\u00e1 y Medell\u00edn, con el fin de que puedan ver materializado su aporte.&nbsp;<\/p>\n\n\n\n<p><em>\u201cDesde Allianz Colombia y la Fundaci\u00f3n Allianz nos comprometeremos con el mantenimiento de cada uno de estos \u00e1rboles durante sus primeros tres a\u00f1os de vida, ya que este es el tiempo requerido para que ellos puedan continuar creciendo de manera aut\u00f3noma. Posteriormente, continuaremos con su monitoreo para garantizar su conservaci\u00f3n. Esta labor la haremos en conjunto con nuestro aliado estrat\u00e9gico, Ingeobosque, y las comunidades aleda\u00f1as a las siembras, para garantizar un impacto ambiental y social positivo\u201d, <\/em>asegur\u00f3 <strong>Tatiana Gaona<\/strong>, <strong>vicepresidenta de Legal, Sostenibilidad y Cumplimiento en Allianz Colombia<\/strong><\/p>\n\n\n\n<p>Seg\u00fan <strong>Gaona, <\/strong>quien tambi\u00e9n participar\u00e1 en el panel \u201c<strong>Experiencias y desaf\u00edos de la gesti\u00f3n de riesgos por p\u00e9rdida de biodiversidad e inversi\u00f3n en protecci\u00f3n ecosist\u00e9mica<\/strong>\u201d que tendr\u00e1 lugar el pr\u00f3ximo viernes 25 de octubre, los impactos socioambientales del \u2018Ecosistema Allianz\u2019 se enfocar\u00e1n en la calidad del suelo, la calidad del aire, el apoyo a la biodiversidad y en las comunidades aleda\u00f1as para reducir la vulnerabilidad clim\u00e1tica en estas regiones. <em>\u201cDe esta manera, cumplimos con nuestro m\u00e1ximo prop\u00f3sito como aseguradora: proteger el presente para asegurar un futuro m\u00e1s pr\u00f3spero, sostenible y seguro para todos los habitantes de nuestro pa\u00eds\u201d, <\/em>a\u00f1adi\u00f3 la ejecutiva.&nbsp;<\/p>\n\n\n\n<p>Allianz Colombia ser\u00e1 una de las 240 marcas expositoras que estar\u00e1n presentes en la Zona Verde, tambi\u00e9n conocida como \u201cCOP de la gente\u201d. El stand de la compa\u00f1\u00eda estar\u00e1 ubicado en el distrito \u2018Biodiversidad y Cambio Clim\u00e1tico\u2019 que se encuentra en el Bulevar del R\u00edo, y en donde la aseguradora ofrecer\u00e1 una experiencia multisensorial para todos los asistentes a la Conferencia; adem\u00e1s de socializar y explicar los alcances del \u2018Ecosistema Allianz\u2019, por medio de una pantalla interactiva donde las personas podr\u00e1n ver los \u00e1rboles sembrados hasta el momento, las especificaciones de cada uno de ellos y la posibilidad de participar de este proyecto a trav\u00e9s de donaciones.<\/p>\n\n\n\n<p>Considerando la presencia de aproximadamente doce mil asistentes a la COP 16, la compa\u00f1\u00eda espera recibir en promedio unas 5.000 visitas en su stand, es decir, entre 400 y 500 personas diarias.<\/p>\n","protected":false},"excerpt":{"rendered":"<p>La aseguradora m\u00e1s antigua del pa\u00eds con 150 a\u00f1os de trayectoria y la \u00fanica con un Fondo Voluntario de Pensiones, estar\u00e1 presente en la COP 16, la Conferencia bianual sobre Biodiversidad m\u00e1s importante del mundo que, este a\u00f1o, se llevar\u00e1 a cabo en la ciudad de Cali, del 21 de octubre al 1 de noviembre, [&hellip;]<\/p>\n","protected":false},"author":2,"featured_media":1262,"comment_status":"open","ping_status":"open","sticky":false,"template":"","format":"standard","meta":{"_jetpack_newsletter_access":"","_jetpack_dont_email_post_to_subs":false,"_jetpack_newsletter_tier_id":0,"_jetpack_memberships_contains_paywalled_content":false,"_jetpack_memberships_contains_paid_content":false,"footnotes":""},"categories":[9],"tags":[],"class_list":{"0":"post-1261","1":"post","2":"type-post","3":"status-publish","4":"format-standard","5":"has-post-thumbnail","7":"category-economia"},"jetpack_sharing_enabled":true,"jetpack_featured_media_url":"https:\/\/i0.wp.com\/colombiabuenanota.com\/wp-content\/uploads\/2024\/10\/Foto-Tatiana-Gaona-2.jpg?fit=700%2C467&ssl=1","jetpack-related-posts":[],"_links":{"self":[{"href":"https:\/\/colombiabuenanota.com\/index.php\/wp-json\/wp\/v2\/posts\/1261","targetHints":{"allow":["GET"]}}],"collection":[{"href":"https:\/\/colombiabuenanota.com\/index.php\/wp-json\/wp\/v2\/posts"}],"about":[{"href":"https:\/\/colombiabuenanota.com\/index.php\/wp-json\/wp\/v2\/types\/post"}],"author":[{"embeddable":true,"href":"https:\/\/colombiabuenanota.com\/index.php\/wp-json\/wp\/v2\/users\/2"}],"replies":[{"embeddable":true,"href":"https:\/\/colombiabuenanota.com\/index.php\/wp-json\/wp\/v2\/comments?post=1261"}],"version-history":[{"count":1,"href":"https:\/\/colombiabuenanota.com\/index.php\/wp-json\/wp\/v2\/posts\/1261\/revisions"}],"predecessor-version":[{"id":1263,"href":"https:\/\/colombiabuenanota.com\/index.php\/wp-json\/wp\/v2\/posts\/1261\/revisions\/1263"}],"wp:featuredmedia":[{"embeddable":true,"href":"https:\/\/colombiabuenanota.com\/index.php\/wp-json\/wp\/v2\/media\/1262"}],"wp:attachment":[{"href":"https:\/\/colombiabuenanota.com\/index.php\/wp-json\/wp\/v2\/media?parent=1261"}],"wp:term":[{"taxonomy":"category","embeddable":true,"href":"https:\/\/colombiabuenanota.com\/index.php\/wp-json\/wp\/v2\/categories?post=1261"},{"taxonomy":"post_tag","embeddable":true,"href":"https:\/\/colombiabuenanota.com\/index.php\/wp-json\/wp\/v2\/tags?post=1261"}],"curies":[{"name":"wp","href":"https:\/\/api.w.org\/{rel}","templated":true}]}}