{"id":1258,"date":"2024-10-21T12:33:51","date_gmt":"2024-10-21T17:33:51","guid":{"rendered":"https:\/\/colombiabuenanota.com\/?p=1258"},"modified":"2024-10-21T12:33:54","modified_gmt":"2024-10-21T17:33:54","slug":"cali-se-moviliza-por-un-aire-mas-limpio","status":"publish","type":"post","link":"https:\/\/colombiabuenanota.com\/index.php\/2024\/10\/21\/cali-se-moviliza-por-un-aire-mas-limpio\/","title":{"rendered":"Cali se moviliza por un aire m\u00e1s limpio con veh\u00edculos el\u00e9ctricos"},"content":{"rendered":"\n<p>En el marco de la COP16 y con el objetivo de mejorar la calidad del aire y la salud de los cale\u00f1os, la Alcald\u00eda de Cali, en alianza con el Centro de Diagn\u00f3stico Automotor del Valle, la Secretar\u00eda de Movilidad y el Dagma, present\u00f3 hoy dos nuevas unidades m\u00f3viles el\u00e9ctricas equipadas con tecnolog\u00eda de punta para la medici\u00f3n de emisiones contaminantes en veh\u00edculos.<\/p>\n\n\n\n<p>Estas modernas unidades, marca JAC SUNRAY EV, cuentan con una autonom\u00eda de hasta 200 kil\u00f3metros y est\u00e1n dotadas de analizadores de gases y medidores de opacidad de \u00faltima generaci\u00f3n. Con esta herramienta, se podr\u00e1n realizar mediciones precisas en motocicletas, veh\u00edculos a gasolina y di\u00e9sel, garantizando el cumplimiento de la normatividad vigente y contribuyendo a reducir la contaminaci\u00f3n atmosf\u00e9rica.<\/p>\n\n\n\n<p>Es importante se\u00f1alar que inicialmente las medidas que impongan las autoridades ambientales y de movilidad a los veh\u00edculos que la evaluaci\u00f3n demuestre que est\u00e1n generando emisiones por fuera de los rangos establecidos en la norma ser\u00e1n educativos, es importante que la comunidad entienda que el objetivo de esta exigencia, responde a la necesidad de mantener una calidad del aire saludable y que adem\u00e1s de los beneficios a la salud y la vida, la revisi\u00f3n t\u00e9cnico mec\u00e1nica permite garantizar que los veh\u00edculos circulen en \u00f3ptimas condiciones mitigando el riesgo de accidentes e identificar por parte de los propietarios, fallas sus veh\u00edculos que de no atender r\u00e1pidamente, redundar\u00e1n en mayor consumo de combustible, aumento en emisiones de gases contaminantes y fallas mayores.<\/p>\n\n\n\n<p>Wilmer Tabares, secretario de Movilidad de Cali resalt\u00f3 que \u201ceste gran esfuerzo que est\u00e1 realizando la administraci\u00f3n redundar\u00e1 en una mejor calidad de aire sino tambi\u00e9n en la reducci\u00f3n de enfermedades respiratorias&nbsp; pro causa de la contaminaci\u00f3n ambiental\u201d.<\/p>\n\n\n\n<p>A su turno Diana Carolina Reina Cardona, gerente del CDAV, record\u00f3 que con la entrega a la ciudad de los dos veh\u00edculos el\u00e9ctricos para medir contaminaciones m\u00f3viles, la entidad a su cargo cumple 47 a\u00f1os de aportes al mejoramiento de la movilidad y la construcci\u00f3n de pol\u00edticas mediante materia de siniestralidad vial , al ser pionera de los procesos de revisi\u00f3n t\u00e9cnico mec\u00e1nica a nivel nacional, que permiten minimizar el impacto del cambio clim\u00e1tico.<\/p>\n\n\n\n<h2 class=\"wp-block-heading\"><strong>\u00bfPor qu\u00e9 es importante esta iniciativa para Cali?<\/strong><\/h2>\n\n\n\n<p><strong>Concientizaci\u00f3n ciudadana:<\/strong> Las mediciones permitir\u00e1n identificar los veh\u00edculos que superan los l\u00edmites permitidos de emisiones, generando conciencia en los conductores sobre la importancia de mantener sus veh\u00edculos en \u00f3ptimas condiciones mec\u00e1nicas.<\/p>\n\n\n\n<p><strong>Mejora de la calidad del aire:<\/strong> Al reducir las emisiones contaminantes, se contribuir\u00e1 a mejorar la calidad del aire que respiramos, beneficiando especialmente a los grupos m\u00e1s vulnerables como ni\u00f1os, adultos mayores y personas con enfermedades respiratorias.<\/p>\n\n\n\n<p><strong>Cumplimiento normativo:<\/strong> Las mediciones se realizar\u00e1n de acuerdo con los est\u00e1ndares establecidos en la Resoluci\u00f3n 762 de 2022 y las Normas T\u00e9cnicas Colombianas, garantizando el cumplimiento de la legislaci\u00f3n ambiental.<\/p>\n\n\n\n<p><strong>Fortalecimiento de labores vigilancia y control:<\/strong> Las evaluaciones realizadas a los veh\u00edculos en calle le permitir\u00e1 al Dagma como autoridad ambiental de la ciudad, identificar si los resultados de las evaluaciones de emisiones que est\u00e1 realizando alguno de los 82 centros de diagn\u00f3stico automotor (CDA) que operan en la ciudad, podr\u00eda estar calibrado fuera de la norma, lo que permitir\u00eda iniciar las medidas correctivas y\/o sancionatorias a que haya lugar.<\/p>\n\n\n\n<p><strong>Tecnolog\u00eda al servicio del medio ambiente:<\/strong> El uso de veh\u00edculos el\u00e9ctricos para realizar las mediciones demuestra el compromiso de la Alcald\u00eda de Cali con la sostenibilidad y la adopci\u00f3n de tecnolog\u00edas limpias.<\/p>\n\n\n\n<p>Estas unidades m\u00f3viles son una herramienta fundamental para garantizar la calidad del aire y promover la movilidad sostenible en la ciudad.<\/p>\n","protected":false},"excerpt":{"rendered":"<p>En el marco de la COP16 y con el objetivo de mejorar la calidad del aire y la salud de los cale\u00f1os, la Alcald\u00eda de Cali, en alianza con el Centro de Diagn\u00f3stico Automotor del Valle, la Secretar\u00eda de Movilidad y el Dagma, present\u00f3 hoy dos nuevas unidades m\u00f3viles el\u00e9ctricas equipadas con tecnolog\u00eda de punta [&hellip;]<\/p>\n","protected":false},"author":2,"featured_media":1259,"comment_status":"open","ping_status":"open","sticky":false,"template":"","format":"standard","meta":{"_jetpack_newsletter_access":"","_jetpack_dont_email_post_to_subs":false,"_jetpack_newsletter_tier_id":0,"_jetpack_memberships_contains_paywalled_content":false,"_jetpack_memberships_contains_paid_content":false,"footnotes":""},"categories":[14],"tags":[],"class_list":{"0":"post-1258","1":"post","2":"type-post","3":"status-publish","4":"format-standard","5":"has-post-thumbnail","7":"category-ciudades-buena-nota"},"jetpack_sharing_enabled":true,"jetpack_featured_media_url":"https:\/\/i0.wp.com\/colombiabuenanota.com\/wp-content\/uploads\/2024\/10\/DSC09202.jpg?fit=700%2C467&ssl=1","jetpack-related-posts":[],"_links":{"self":[{"href":"https:\/\/colombiabuenanota.com\/index.php\/wp-json\/wp\/v2\/posts\/1258","targetHints":{"allow":["GET"]}}],"collection":[{"href":"https:\/\/colombiabuenanota.com\/index.php\/wp-json\/wp\/v2\/posts"}],"about":[{"href":"https:\/\/colombiabuenanota.com\/index.php\/wp-json\/wp\/v2\/types\/post"}],"author":[{"embeddable":true,"href":"https:\/\/colombiabuenanota.com\/index.php\/wp-json\/wp\/v2\/users\/2"}],"replies":[{"embeddable":true,"href":"https:\/\/colombiabuenanota.com\/index.php\/wp-json\/wp\/v2\/comments?post=1258"}],"version-history":[{"count":1,"href":"https:\/\/colombiabuenanota.com\/index.php\/wp-json\/wp\/v2\/posts\/1258\/revisions"}],"predecessor-version":[{"id":1260,"href":"https:\/\/colombiabuenanota.com\/index.php\/wp-json\/wp\/v2\/posts\/1258\/revisions\/1260"}],"wp:featuredmedia":[{"embeddable":true,"href":"https:\/\/colombiabuenanota.com\/index.php\/wp-json\/wp\/v2\/media\/1259"}],"wp:attachment":[{"href":"https:\/\/colombiabuenanota.com\/index.php\/wp-json\/wp\/v2\/media?parent=1258"}],"wp:term":[{"taxonomy":"category","embeddable":true,"href":"https:\/\/colombiabuenanota.com\/index.php\/wp-json\/wp\/v2\/categories?post=1258"},{"taxonomy":"post_tag","embeddable":true,"href":"https:\/\/colombiabuenanota.com\/index.php\/wp-json\/wp\/v2\/tags?post=1258"}],"curies":[{"name":"wp","href":"https:\/\/api.w.org\/{rel}","templated":true}]}}