{"id":1255,"date":"2024-10-21T12:26:39","date_gmt":"2024-10-21T17:26:39","guid":{"rendered":"https:\/\/colombiabuenanota.com\/?p=1255"},"modified":"2024-10-21T12:26:42","modified_gmt":"2024-10-21T17:26:42","slug":"bivien-se-une-a-la-restauracion-del-bulevar-del-oriente","status":"publish","type":"post","link":"https:\/\/colombiabuenanota.com\/index.php\/2024\/10\/21\/bivien-se-une-a-la-restauracion-del-bulevar-del-oriente\/","title":{"rendered":"Bivien se une a la COP16 con la restauraci\u00f3n del Parque Bulevar del Oriente"},"content":{"rendered":"\n<p>La COP16 se vivir\u00e1 pronto en Cali, un evento de talla mundial que congregar\u00e1 a l\u00edderes y representantes de m\u00e1s de 190 pa\u00edses para debatir sobre la biodiversidad y la lucha contra el cambio clim\u00e1tico. En l\u00ednea con este objetivo, empresas vallecaucanas como Bivien est\u00e1n tomando acci\u00f3n para contribuir al desarrollo sostenible de la regi\u00f3n y el pa\u00eds.<\/p>\n\n\n\n<p>Como parte de su compromiso con la sostenibilidad y el bienestar comunitario, Bivien, junto con aliados como Propac\u00edfico, el Dagma y la Alcald\u00eda de Cali, ha lanzado una iniciativa para la adopci\u00f3n y restauraci\u00f3n del Bulevar del Oriente. Este espacio verde, situado en el coraz\u00f3n del Distrito de Aguablanca, ser\u00e1 revitalizado mediante acciones enfocadas en la biodiversidad, la educaci\u00f3n ambiental y la participaci\u00f3n comunitaria, beneficiando a m\u00e1s de 130.000 personas que residen en la zona.<\/p>\n\n\n\n<p>El proyecto adoptar\u00e1 y restaurar\u00e1 16.000 metros cuadrados de este corredor, con acciones como la siembra de 80 plantas nativas de 4 especies, la poda y el riego de las zonas verdes, as\u00ed como la limpieza y eliminaci\u00f3n de especies invasoras. Estas acciones contribuir\u00e1n significativamente al incremento de la biodiversidad y al fortalecimiento de los ecosistemas locales. Adem\u00e1s, se realizar\u00e1n jornadas de educaci\u00f3n ambiental dirigidas a la comunidad, con el objetivo de sensibilizar sobre la importancia de conservar los espacios p\u00fablicos y el medio ambiente.<\/p>\n\n\n\n<p>&#8220;Estas iniciativas forman parte de nuestros esfuerzos por participar en proyectos ambientales de impacto duradero, con un enfoque en la creaci\u00f3n de valor equitativo y el bienestar de las comunidades. Entendemos que la sostenibilidad no es solo un aspecto de nuestra operaci\u00f3n, sino un eje central que gu\u00eda cada una de nuestras acciones y decisiones. Al enfocarnos, por ejemplo, en la restauraci\u00f3n de \u00e1reas verdes y la siembra de especies nativas, reafirmamos nuestro compromiso con el desarrollo de iniciativas que no solo proporcionan bienestar inmediato, sino que tambi\u00e9n aseguran beneficios a largo plazo. Buscamos generar un impacto positivo tanto en las generaciones actuales como en las futuras,&#8221; coment\u00f3 Juan Ram\u00f3n Guzm\u00e1n, presidente de la Junta Directiva de Bivien.<\/p>\n\n\n\n<p>El proyecto surgi\u00f3 a partir de un diagn\u00f3stico que revel\u00f3 el deterioro de las zonas verdes del parque, lo cual afectaba el disfrute del espacio por parte de los residentes. La comunidad no solo manifest\u00f3 la necesidad de espacios sostenibles, sino tambi\u00e9n su inter\u00e9s en participar activamente en el cuidado ambiental. Esto motiv\u00f3 a Bivien a intervenir en este ic\u00f3nico lugar, como parte de las iniciativas &#8220;Compromiso Valle&#8221; y &#8220;Volvamos a Mi Cali Bella&#8221;, en colaboraci\u00f3n con entidades p\u00fablicas, reforzando su compromiso con el bienestar comunitario y la mejora de la calidad de vida en la regi\u00f3n.<\/p>\n\n\n\n<p>El proyecto adquiere especial relevancia al estar vinculado con la COP16, que tendr\u00e1 como una de sus sedes el Bulevar del Oriente. La iniciativa de Bivien resalta su alineaci\u00f3n con los temas clave del evento, que aborda la importancia de restaurar y proteger la naturaleza como parte de los esfuerzos globales contra el cambio clim\u00e1tico.<\/p>\n\n\n\n<p>Este 18 de octubre de 2024 se llevar\u00e1 a cabo el evento de lanzamiento del proyecto, con actividades de limpieza, siembra y restauraci\u00f3n del espacio. A partir de este lanzamiento, se continuar\u00e1n implementando jornadas peri\u00f3dicas de monitoreo y mantenimiento del parque, asegurando su sostenibilidad y el disfrute de la comunidad.<\/p>\n\n\n\n<p>Este esfuerzo se suma al programa de sostenibilidad de Bivien, que en el \u00faltimo a\u00f1o ha logrado aprovechar m\u00e1s del 75% de los residuos s\u00f3lidos generados en sus procesos. Desde hace dos a\u00f1os, la compa\u00f1\u00eda ha invertido en su propio centro de acopio para garantizar la adecuada segregaci\u00f3n y clasificaci\u00f3n de los residuos, reforzando su compromiso con la econom\u00eda circular. Adem\u00e1s de invertir medio mill\u00f3n de d\u00f3lares en su Planta de Tratamiento de Aguas Residuales (PTAR), para mitigar la carga contaminante de sus vertimientos y cumplir con las normativas de uso del agua.<\/p>\n","protected":false},"excerpt":{"rendered":"<p>La COP16 se vivir\u00e1 pronto en Cali, un evento de talla mundial que congregar\u00e1 a l\u00edderes y representantes de m\u00e1s de 190 pa\u00edses para debatir sobre la biodiversidad y la lucha contra el cambio clim\u00e1tico. En l\u00ednea con este objetivo, empresas vallecaucanas como Bivien est\u00e1n tomando acci\u00f3n para contribuir al desarrollo sostenible de la regi\u00f3n [&hellip;]<\/p>\n","protected":false},"author":2,"featured_media":1256,"comment_status":"open","ping_status":"open","sticky":false,"template":"","format":"standard","meta":{"_jetpack_newsletter_access":"","_jetpack_dont_email_post_to_subs":false,"_jetpack_newsletter_tier_id":0,"_jetpack_memberships_contains_paywalled_content":false,"_jetpack_memberships_contains_paid_content":false,"footnotes":""},"categories":[14],"tags":[],"class_list":{"0":"post-1255","1":"post","2":"type-post","3":"status-publish","4":"format-standard","5":"has-post-thumbnail","7":"category-ciudades-buena-nota"},"jetpack_sharing_enabled":true,"jetpack_featured_media_url":"https:\/\/i0.wp.com\/colombiabuenanota.com\/wp-content\/uploads\/2024\/10\/WhatsApp-Image-2024-10-21-at-12.18.23-PM.jpg?fit=700%2C525&ssl=1","jetpack-related-posts":[],"_links":{"self":[{"href":"https:\/\/colombiabuenanota.com\/index.php\/wp-json\/wp\/v2\/posts\/1255","targetHints":{"allow":["GET"]}}],"collection":[{"href":"https:\/\/colombiabuenanota.com\/index.php\/wp-json\/wp\/v2\/posts"}],"about":[{"href":"https:\/\/colombiabuenanota.com\/index.php\/wp-json\/wp\/v2\/types\/post"}],"author":[{"embeddable":true,"href":"https:\/\/colombiabuenanota.com\/index.php\/wp-json\/wp\/v2\/users\/2"}],"replies":[{"embeddable":true,"href":"https:\/\/colombiabuenanota.com\/index.php\/wp-json\/wp\/v2\/comments?post=1255"}],"version-history":[{"count":1,"href":"https:\/\/colombiabuenanota.com\/index.php\/wp-json\/wp\/v2\/posts\/1255\/revisions"}],"predecessor-version":[{"id":1257,"href":"https:\/\/colombiabuenanota.com\/index.php\/wp-json\/wp\/v2\/posts\/1255\/revisions\/1257"}],"wp:featuredmedia":[{"embeddable":true,"href":"https:\/\/colombiabuenanota.com\/index.php\/wp-json\/wp\/v2\/media\/1256"}],"wp:attachment":[{"href":"https:\/\/colombiabuenanota.com\/index.php\/wp-json\/wp\/v2\/media?parent=1255"}],"wp:term":[{"taxonomy":"category","embeddable":true,"href":"https:\/\/colombiabuenanota.com\/index.php\/wp-json\/wp\/v2\/categories?post=1255"},{"taxonomy":"post_tag","embeddable":true,"href":"https:\/\/colombiabuenanota.com\/index.php\/wp-json\/wp\/v2\/tags?post=1255"}],"curies":[{"name":"wp","href":"https:\/\/api.w.org\/{rel}","templated":true}]}}