{"id":1252,"date":"2024-10-21T12:19:23","date_gmt":"2024-10-21T17:19:23","guid":{"rendered":"https:\/\/colombiabuenanota.com\/?p=1252"},"modified":"2024-10-21T12:19:27","modified_gmt":"2024-10-21T17:19:27","slug":"ninos-ninas-y-adolescentes-tienen-su-espacio-en-la-cop-16","status":"publish","type":"post","link":"https:\/\/colombiabuenanota.com\/index.php\/2024\/10\/21\/ninos-ninas-y-adolescentes-tienen-su-espacio-en-la-cop-16\/","title":{"rendered":"Ni\u00f1os, ni\u00f1as y adolescentes de Colombia tienen su espacio en la COP 16"},"content":{"rendered":"\n<p>Los <strong>efectos del cambio clim\u00e1tico han acentuado los riesgos <\/strong>de desnutrici\u00f3n infantil, salud y protecci\u00f3n que afectan a miles de ni\u00f1os, ni\u00f1as y adolescentes, limitando sus oportunidades para alcanzar su m\u00e1ximo potencial.&nbsp;Seg\u00fan una consulta global que realizamos en el 2022 a <strong>2.400.000 ni\u00f1os y ni\u00f1as<\/strong>, identificamos que el 83% consideran que <strong>los cambios clim\u00e1ticos y la desigualdad los est\u00e1n afectando <\/strong>y el 73% &nbsp;considera que <strong>las personas adultas no est\u00e1n haciendo lo suficiente para cuidar el medio ambiente.<\/strong> No obstante, <strong>el 70% de los ni\u00f1os y ni\u00f1as en Colombia se encuentran interesados y\/o hacen parte de iniciativas para hacer frente a este fen\u00f3meno.<\/strong><\/p>\n\n\n\n<p><strong>Save the Children participar\u00e1 en la COP 16<\/strong> que se llevar\u00e1 a cabo entre el 21 de octubre y el 1 de noviembre en la ciudad de Cali, en la que reafirma su compromiso con la protecci\u00f3n de la ni\u00f1ez, la lucha contra el cambio clim\u00e1tico y la protecci\u00f3n de la biodiversidad, bajo el principio de que <strong>la crisis clim\u00e1tica es tambi\u00e9n una crisis de derechos de los ni\u00f1os y ni\u00f1as.<\/strong><\/p>\n\n\n\n<p>Con el objetivo de asegurar la inclusi\u00f3n de la voz de la ni\u00f1ez en las negociaciones, en este espacio se har\u00e1 \u00e9nfasis en que <strong>las pol\u00edticas y decisiones sobre biodiversidad y cambio clim\u00e1tico tengan un enfoque diferencial de ni\u00f1ez<\/strong>, que <strong>se fortalezca su participaci\u00f3n activa, que se promueva una educaci\u00f3n ambiental de calidad y que aumente la financiaci\u00f3n para su participaci\u00f3n y protecci\u00f3n frente a los impactos del cambio clim\u00e1tico<\/strong>.<\/p>\n\n\n\n<p><strong>Mar\u00eda Mercedes Li\u00e9vano<\/strong>, directora de la organizaci\u00f3n, destaca que <strong>los ni\u00f1os, ni\u00f1as y adolescentes no solo sufren los efectos m\u00e1s severos de esta crisis, sino que tambi\u00e9n deben ser reconocidos como agentes clave en la b\u00fasqueda de soluciones.<\/strong><\/p>\n\n\n\n<p><strong><em>\u201cDebemos poner a la ni\u00f1ez en el centro de la agenda clim\u00e1tica. La justicia clim\u00e1tica es, en esencia, una forma de justicia para las generaciones m\u00e1s j\u00f3venes. Necesitamos que las pol\u00edticas ambientales respeten y promuevan sus derechos fundamentales, y garantizar que las voces de los ni\u00f1os y ni\u00f1as sean escuchadas en los escenarios donde se toman decisiones.\u201d.<\/em><\/strong><em> &nbsp;<\/em><\/p>\n\n\n\n<p>En Colombia la Red Nacional de Participaci\u00f3n: Lideramos el Cambio, apoyada por Save the Children, es la protagonista de esta estrategia. <strong>Los ni\u00f1os y ni\u00f1as de diferentes regiones del pa\u00eds participar\u00e1n tanto en <\/strong><strong>la Cumbre Nacional como en la Cumbre Global de Ni\u00f1ez, Adolescencia y Juventud por la Biodiversidad.<\/strong> Adem\u00e1s, <strong>dos ni\u00f1as representantes har\u00e1n la entrega de la Declaratoria de los resultados de las cumbres con un enfoque de g\u00e9nero en la Zona Azul de las Naciones Unidas<\/strong>. En estos eventos <strong>abogar\u00e1n ante los y las l\u00edderes globales por el derecho de las ni\u00f1as, ni\u00f1os y adolescentes a ser escuchados y tenidos en cuenta en la construcci\u00f3n de las agendas clim\u00e1ticas.<\/strong><\/p>\n\n\n\n<p>Finalmente, <strong>Save the Children <\/strong>har\u00e1 presencia en la Zona Verde de la COP16 con un stand que <strong>tendr\u00e1 un espacio abierto al p\u00fablico<\/strong>, cuyo objetivo principal ser\u00e1 <strong>facilitar el intercambio de conocimientos y experiencias, inspirar acciones para enfrentar el cambio clim\u00e1tico, promover la conservaci\u00f3n de la biodiversidad y fortalecer la participaci\u00f3n ciudadana en la toma de decisiones ambientales por y para la ni\u00f1ez.<\/strong><\/p>\n\n\n\n<p><\/p>\n","protected":false},"excerpt":{"rendered":"<p>Los efectos del cambio clim\u00e1tico han acentuado los riesgos de desnutrici\u00f3n infantil, salud y protecci\u00f3n que afectan a miles de ni\u00f1os, ni\u00f1as y adolescentes, limitando sus oportunidades para alcanzar su m\u00e1ximo potencial.&nbsp;Seg\u00fan una consulta global que realizamos en el 2022 a 2.400.000 ni\u00f1os y ni\u00f1as, identificamos que el 83% consideran que los cambios clim\u00e1ticos y [&hellip;]<\/p>\n","protected":false},"author":2,"featured_media":1253,"comment_status":"open","ping_status":"open","sticky":false,"template":"","format":"standard","meta":{"_jetpack_newsletter_access":"","_jetpack_dont_email_post_to_subs":false,"_jetpack_newsletter_tier_id":0,"_jetpack_memberships_contains_paywalled_content":false,"_jetpack_memberships_contains_paid_content":false,"footnotes":""},"categories":[258],"tags":[],"class_list":{"0":"post-1252","1":"post","2":"type-post","3":"status-publish","4":"format-standard","5":"has-post-thumbnail","7":"category-actualidad"},"jetpack_sharing_enabled":true,"jetpack_featured_media_url":"https:\/\/i0.wp.com\/colombiabuenanota.com\/wp-content\/uploads\/2024\/10\/WhatsApp-Image-2024-10-18-at-6.18.39-PM.jpg?fit=700%2C456&ssl=1","jetpack-related-posts":[],"_links":{"self":[{"href":"https:\/\/colombiabuenanota.com\/index.php\/wp-json\/wp\/v2\/posts\/1252","targetHints":{"allow":["GET"]}}],"collection":[{"href":"https:\/\/colombiabuenanota.com\/index.php\/wp-json\/wp\/v2\/posts"}],"about":[{"href":"https:\/\/colombiabuenanota.com\/index.php\/wp-json\/wp\/v2\/types\/post"}],"author":[{"embeddable":true,"href":"https:\/\/colombiabuenanota.com\/index.php\/wp-json\/wp\/v2\/users\/2"}],"replies":[{"embeddable":true,"href":"https:\/\/colombiabuenanota.com\/index.php\/wp-json\/wp\/v2\/comments?post=1252"}],"version-history":[{"count":1,"href":"https:\/\/colombiabuenanota.com\/index.php\/wp-json\/wp\/v2\/posts\/1252\/revisions"}],"predecessor-version":[{"id":1254,"href":"https:\/\/colombiabuenanota.com\/index.php\/wp-json\/wp\/v2\/posts\/1252\/revisions\/1254"}],"wp:featuredmedia":[{"embeddable":true,"href":"https:\/\/colombiabuenanota.com\/index.php\/wp-json\/wp\/v2\/media\/1253"}],"wp:attachment":[{"href":"https:\/\/colombiabuenanota.com\/index.php\/wp-json\/wp\/v2\/media?parent=1252"}],"wp:term":[{"taxonomy":"category","embeddable":true,"href":"https:\/\/colombiabuenanota.com\/index.php\/wp-json\/wp\/v2\/categories?post=1252"},{"taxonomy":"post_tag","embeddable":true,"href":"https:\/\/colombiabuenanota.com\/index.php\/wp-json\/wp\/v2\/tags?post=1252"}],"curies":[{"name":"wp","href":"https:\/\/api.w.org\/{rel}","templated":true}]}}