{"id":1146,"date":"2024-08-30T19:06:59","date_gmt":"2024-08-31T00:06:59","guid":{"rendered":"https:\/\/colombiabuenanota.com\/?p=1146"},"modified":"2024-08-30T19:07:02","modified_gmt":"2024-08-31T00:07:02","slug":"sanitas-continuara-trabajando-de-la-mano-de-la-red-publica","status":"publish","type":"post","link":"https:\/\/colombiabuenanota.com\/index.php\/2024\/08\/30\/sanitas-continuara-trabajando-de-la-mano-de-la-red-publica\/","title":{"rendered":"EPS Sanitas manifest\u00f3 su voluntad de continuar trabajando de la mano de la red p\u00fablica"},"content":{"rendered":"\n<p>El Agente Especial Interventor designado a la EPS Sanitas, Duver Vargas Rojas, acudi\u00f3 a la invitaci\u00f3n realizada por el Alcalde de Cali, Alejandro Eder y su Secretario de Salud Distrital, Germ\u00e1n Escobar, con el objetivo de evaluar las acciones implementadas en el marco del proceso de la medida para fortalecer las alianzas estrat\u00e9gicas con la red p\u00fablica hospitalaria de Cali.<br><\/p>\n\n\n\n<p>En el marco de este ejercicio, el interventor, comparti\u00f3 un balance positivo frente a las acciones implementadas durante los primeros cuatro meses de gesti\u00f3n, y destac\u00f3 la conciliaci\u00f3n de cartera realizada por el equipo de la EPS, frente a las deudas corrientes en el mes de julio logrando as\u00ed beneficiar a 20 instituciones prestadoras de servicios habilitadas en el Valle del Cauca.<\/p>\n\n\n\n<p>La EPS ha ratificado su compromiso de mantener cuentas claras y acuerdos s\u00f3lidos con los hospitales y cl\u00ednicas aliados en el Valle del Cauca, la intervenci\u00f3n ha impulsado avances significativos en la normalizaci\u00f3n de la cartera y el fortalecimiento de la red prestadora de servicios. Con un total de $136,107,897,214 en cartera conciliada.<br><\/p>\n\n\n\n<p>Este ejercicio diagn\u00f3stico, que cont\u00f3 con la participaci\u00f3n del Superintendente de Salud, Luis Carlos Leal, y las seis gerentes de las redes de salud p\u00fablicas presentes en la ciudad, permiti\u00f3 evaluar el estado actual de la prestaci\u00f3n de servicios y trazar compromisos precisos para mejorar la calidad de atenci\u00f3n en la regi\u00f3n pac\u00edfica.<\/p>\n\n\n\n<p><br>Durante la jornada, el agente interventor destac\u00f3 la importancia de garantizar una presencia activa en las regiones, subrayando los logros obtenidos en su visita regional cuyo centro de acopio fue Cali. <\/p>\n\n\n\n<p>&#8220;Hemos atendido 614 mil solicitudes mensuales, asegurando una respuesta a las necesidades de nuestros afiliados. En Cali, espec\u00edficamente, estamos gestionando 158 mil solicitudes mensuales, lo que representa un promedio de 920 solicitudes diarias, un indicador de nuestro compromiso con la comunidad&#8221;, se\u00f1al\u00f3 Vargas.<\/p>\n\n\n\n<p>En cuanto al manejo de quejas y reclamos, la EPS Sanitas ha priorizado la contenci\u00f3n de reclamaciones como un pilar fundamental en la estabilizaci\u00f3n de la entidad. &#8220;Hemos logrado una disminuci\u00f3n del 3% en el n\u00famero de quejas en Cali respecto a la l\u00ednea base de marzo, lo que refleja el impacto positivo de nuestra estrategia de atenci\u00f3n al usuario&#8221;, a\u00f1adi\u00f3 Vargas.<\/p>\n\n\n\n<p>Al cierre de la reuni\u00f3n, el Superintendente de Salud acord\u00f3 iniciar una revisi\u00f3n junto con las cinco EPS intervenidas presentes en la ciudad para revisar los contratos de atenci\u00f3n primaria y actuar en conjunto por la salud de los usuarios.<br><\/p>\n\n\n\n<p>Finalmente, la EPS Sanitas reafirm\u00f3 su compromiso de continuar trabajando de la mano con las autoridades y la red prestadora para asegurar que la salud sea un derecho respetado en todo el territorio. &#8220;Nuestro objetivo es garantizar una atenci\u00f3n de calidad y oportuna, y este recorrido diagn\u00f3stico es un paso m\u00e1s en nuestra hoja de ruta hacia la estabilizaci\u00f3n de la entidad&#8221;, concluy\u00f3 Duver Vargas.<\/p>\n","protected":false},"excerpt":{"rendered":"<p>El Agente Especial Interventor designado a la EPS Sanitas, Duver Vargas Rojas, acudi\u00f3 a la invitaci\u00f3n realizada por el Alcalde de Cali, Alejandro Eder y su Secretario de Salud Distrital, Germ\u00e1n Escobar, con el objetivo de evaluar las acciones implementadas en el marco del proceso de la medida para fortalecer las alianzas estrat\u00e9gicas con la [&hellip;]<\/p>\n","protected":false},"author":2,"featured_media":1147,"comment_status":"open","ping_status":"open","sticky":false,"template":"","format":"standard","meta":{"_jetpack_newsletter_access":"","_jetpack_dont_email_post_to_subs":false,"_jetpack_newsletter_tier_id":0,"_jetpack_memberships_contains_paywalled_content":false,"_jetpack_memberships_contains_paid_content":false,"footnotes":""},"categories":[12],"tags":[],"class_list":{"0":"post-1146","1":"post","2":"type-post","3":"status-publish","4":"format-standard","5":"has-post-thumbnail","7":"category-salud"},"jetpack_sharing_enabled":true,"jetpack_featured_media_url":"https:\/\/i0.wp.com\/colombiabuenanota.com\/wp-content\/uploads\/2024\/08\/Sanitas1.jpeg?fit=700%2C525&ssl=1","jetpack-related-posts":[],"_links":{"self":[{"href":"https:\/\/colombiabuenanota.com\/index.php\/wp-json\/wp\/v2\/posts\/1146","targetHints":{"allow":["GET"]}}],"collection":[{"href":"https:\/\/colombiabuenanota.com\/index.php\/wp-json\/wp\/v2\/posts"}],"about":[{"href":"https:\/\/colombiabuenanota.com\/index.php\/wp-json\/wp\/v2\/types\/post"}],"author":[{"embeddable":true,"href":"https:\/\/colombiabuenanota.com\/index.php\/wp-json\/wp\/v2\/users\/2"}],"replies":[{"embeddable":true,"href":"https:\/\/colombiabuenanota.com\/index.php\/wp-json\/wp\/v2\/comments?post=1146"}],"version-history":[{"count":1,"href":"https:\/\/colombiabuenanota.com\/index.php\/wp-json\/wp\/v2\/posts\/1146\/revisions"}],"predecessor-version":[{"id":1148,"href":"https:\/\/colombiabuenanota.com\/index.php\/wp-json\/wp\/v2\/posts\/1146\/revisions\/1148"}],"wp:featuredmedia":[{"embeddable":true,"href":"https:\/\/colombiabuenanota.com\/index.php\/wp-json\/wp\/v2\/media\/1147"}],"wp:attachment":[{"href":"https:\/\/colombiabuenanota.com\/index.php\/wp-json\/wp\/v2\/media?parent=1146"}],"wp:term":[{"taxonomy":"category","embeddable":true,"href":"https:\/\/colombiabuenanota.com\/index.php\/wp-json\/wp\/v2\/categories?post=1146"},{"taxonomy":"post_tag","embeddable":true,"href":"https:\/\/colombiabuenanota.com\/index.php\/wp-json\/wp\/v2\/tags?post=1146"}],"curies":[{"name":"wp","href":"https:\/\/api.w.org\/{rel}","templated":true}]}}