{"id":1143,"date":"2024-08-30T18:58:18","date_gmt":"2024-08-30T23:58:18","guid":{"rendered":"https:\/\/colombiabuenanota.com\/?p=1143"},"modified":"2024-09-02T10:23:17","modified_gmt":"2024-09-02T15:23:17","slug":"droguerias-colsubsidio-crea-medallero-para-corredores-con-discapacidad","status":"publish","type":"post","link":"https:\/\/colombiabuenanota.com\/index.php\/2024\/08\/30\/droguerias-colsubsidio-crea-medallero-para-corredores-con-discapacidad\/","title":{"rendered":"Droguer\u00edas Colsubsidio crea medallero y clausura para corredores con discapacidad"},"content":{"rendered":"\n<p>El pr\u00f3ximo 8 de septiembre de 2024, Droguer\u00edas Colsubsidio crear\u00e1 un momento memorable y nunca antes visto en uno de los eventos atl\u00e9ticos m\u00e1s importantes del pa\u00eds, se trata de una premiaci\u00f3n exclusiva para corredores con discapacidad, llamada <em>Clausura Siempre Contigo <\/em>que con m\u00fasica especial, decoraci\u00f3n alusiva, hermosas medallas met\u00e1licas con cinta morada y un discurso emotivo premiar\u00e1 el coraje y el esfuerzo de los m\u00e1s de 150 competidores ciegos, sordos, con discapacidad f\u00edsica&nbsp; y con s\u00edndrome de Down que integran la categor\u00eda incluyente de la competencia.<\/p>\n\n\n\n<p>\u201cDespu\u00e9s de escuchar las historias de vida de cientos de colombianos con discapacidad encontramos que una de sus grandes tristezas es que la indiferencia de la sociedad a\u00fan persiste. Nuestro reto es ayudar a cambiar esa realidad, creando espacios para promover el poder de la inclusi\u00f3n, por eso, desde hace 6 a\u00f1os impulsamos la participaci\u00f3n de diferentes personas con discapacidad en este evento deportivo. Este a\u00f1o, la novedad ser\u00e1 la <em>Clausura Siempre Contigo<\/em>, donde premiaremos de forma exclusiva a los 150 corredores ciegos, sordos, con discapacidad f\u00edsica y s\u00edndrome de Down que compiten en la categor\u00eda incluyente\u201d, se\u00f1ala Mar\u00eda Isabel Buitrago, jefe de sostenibilidad de Droguer\u00edas Colsubsidio.<\/p>\n\n\n\n<p>Para la <em>Clausura Siempre Contigo<\/em>, los atletas con discapacidad ser\u00e1n llevados a la zona VIP, donde los esperar\u00e1 una gran personalidad cuyo nombre solo ser\u00e1 revelado ese domingo (septiembre 08) y ser\u00e1 la encargada de entregarles la hermosa medalla met\u00e1lica con cinta morada cuyo color simboliza igualdad, creatividad y evoluci\u00f3n. Adem\u00e1s de un selecto regalo pensado para promover h\u00e1bitos de vida saludable.<\/p>\n\n\n\n<p>Este momento especial ser\u00e1 registrado de Colombia para el mundo por un grupo de &nbsp;influenciadores, promotores de la inclusi\u00f3n, quienes usando el hashtag #MetasQueNosUnen contar\u00e1n a sus seguidores el paso a paso de la competencia y la premiaci\u00f3n especial.&nbsp;<\/p>\n\n\n\n<p>La presencia de los influenciadores tiene 3 objetivos. El primero, sensibilizar a la poblaci\u00f3n mundial sobre la importancia de llevar la inclusi\u00f3n a la cotidianidad. El segundo, compartir a trav\u00e9s de las redes sociales las mejores im\u00e1genes del esfuerzo de los competidores quienes ven su discapacidad como motor de crecimiento y jam\u00e1s como un obst\u00e1culo. El tercero, visibilizar el rol de los cuidadores de las personas con discapacidad quienes a pesar de su intenso trabajo a veces pasan desapercibidos. En ese sentido, es importante confirmar que en la Carrera de la Mujer 2024, correr\u00e1n algunos cuidadores como parte de los 17.000 participantes que creen en el lema #FUERZAENELCORAZON.<\/p>\n\n\n\n<p>La<em> Clausura Siempre Contigo<\/em> es el evento con el que Droguer\u00edas Colsubsidio celebra sus 6 a\u00f1os consecutivos participando en la Carrera de La Mujer como una forma de comunicar al pa\u00eds que la cadena de droguer\u00edas presente a nivel nacional cree al 100% en el poder transformador del deporte en la vida de todas las personas con o sin discapacidad.<\/p>\n\n\n\n<p>\u201cPara nosotros, trabajar por la discapacidad es ayudar a cerrar brechas sociales, labor que hacemos desde hace m\u00e1s de 60 a\u00f1os. De hecho, desde nuestra llegada a la Carrera de la Mujer, hemos ampliado los espacios a favor de la inclusi\u00f3n. Comenzamos con un acto simb\u00f3lico con personas con discapacidad, luego creamos el <em>Equipo Incluyente Droguer\u00edas Colsubsidio<\/em> y nos llena de alegr\u00eda decir que apenas 4 a\u00f1os despu\u00e9s, ya existe una categor\u00eda oficial en la que ya compiten colombianos 150 ciegos, sordos, con discapacidad f\u00edsica y para este a\u00f1o, por primera vez, tendremos corredores con s\u00edndrome de Down. Aqu\u00ed estamos convencidos de que el deporte es una poderosa palanca para conquistar la autonom\u00eda e independencia que ellos tanto anhelan\u201d, explica Buitrago.<\/p>\n\n\n\n<p>Seg\u00fan la Organizaci\u00f3n Mundial de la Salud (OMS), alrededor de 1.300 millones de personas en el mundo viven con alg\u00fan tipo de discapacidad, es decir, 1 de cada 6 humanos, y solo el 1% de ellas tiene acceso a programas deportivos.<\/p>\n\n\n\n<p>\u201cEstamos trabajando para ampliar ese peque\u00f1o 1% a nivel mundial de seres humanos con discapacidad que practican alg\u00fan deporte. Es un reto al que invitamos a todos los colombianos porque la evidencia demuestra que la actividad f\u00edsica es una herramienta poderosa para promover h\u00e1bitos saludables, favorecer la inclusi\u00f3n, fomentar el sentido de pertenencia y desarrollar la superaci\u00f3n personal\u201d, se\u00f1ala Buitrago.<\/p>\n\n\n\n<h2 class=\"wp-block-heading\"><strong>Estrellas del equipo incluyente 2024\u00a0<\/strong><\/h2>\n\n\n\n<p>Este a\u00f1o, el Equipo Incluyente de Droguer\u00edas Colsubsidio est\u00e1 compuesto por aproximadamente 150 personas. A continuaci\u00f3n, presentamos algunos de sus perfiles:<\/p>\n\n\n\n<p><strong>Juana Salas<\/strong><\/p>\n\n\n\n<p>Tiene 20 a\u00f1os, su color favorito es el violeta y tiene discapacidad motora. Es deportista paral\u00edmpica de alto rendimiento en la modalidad de bocha, estudiante de Comunicaci\u00f3n y Multimedia. Ama bailar de rodillas y dice que tiene un esp\u00edritu inquebrantable, por eso, para ella, la frase \u201cno puedo\u201d, no existe. Asegura que competir en la Carrera de la Mujer es un nuevo desaf\u00edo para el que entrena 8 horas diarias.<\/p>\n\n\n\n<p><strong>Luc\u00eda Lozada<\/strong><\/p>\n\n\n\n<p>Es bogotana y ciega. Se define como \u201cuna mujer modelo de reivindicaci\u00f3n\u201d, porque tiene m\u00faltiples facetas, entre las que est\u00e1n ser docente universitaria y trabajar en la Unidad para la Atenci\u00f3n y Reparaci\u00f3n Integral a las V\u00edctimas. Su deporte favorito es el ciclismo. Pero, en ocasiones, no puede hacerlo porque depende de que otra persona le sirva de gu\u00eda. Dice que correr en el <em>Equipo Incluyente Droguer\u00edas Colsubsidio<\/em> le permite gritar: \u201cac\u00e1 estamos\u201d.<\/p>\n\n\n\n<p><strong>Juan Cardozo<\/strong><\/p>\n\n\n\n<p>Adora los dulces, tiene 17 a\u00f1os, y s\u00edndrome Down. Se presenta como un emprendedor en potencia y ya tiene su propia marca, llamada \u00b4La Tienda de Juanbis\u00b4, donde vende obleas para preparar en casa. Adem\u00e1s, es influencer con contenido sobre la importancia de cuidar el cuerpo, entrenar la mente y expandir la energ\u00eda.<\/p>\n\n\n\n<h2 class=\"wp-block-heading\"><strong>Hitos a favor de la inclusi\u00f3n<\/strong><\/h2>\n\n\n\n<p>La llegada de Droguer\u00edas Colsubsidio y su inmenso prop\u00f3sito social a la Carrera de la Mujer, ha dejado en la memoria de los colombianos, los siguientes momentos a favor de la inclusi\u00f3n:<\/p>\n\n\n\n<ul class=\"wp-block-list\">\n<li>2019: Primer acto simb\u00f3lico con 7 colombianos representantes de 6 de las discapacidades existentes quienes dieron apertura a la Carrera de la Mujer<\/li>\n\n\n\n<li>2020: Nace oficialmente el primer <em>Equipo Incluyente Droguer\u00edas Colsubsidio<\/em> integrado por personas con discapacidad, sobrevivientes de c\u00e1ncer de mama, y otros h\u00e9roes an\u00f3nimos.<\/li>\n\n\n\n<li>2021:\u00a0 Primer a\u00f1o de un militar con discapacidad f\u00edsica en el equipo incluyente<\/li>\n\n\n\n<li>2022: Primer a\u00f1o de una abogada ciega en el equipo incluyente<\/li>\n\n\n\n<li>2023: Primer a\u00f1o de una atleta paral\u00edmpica como imagen del equipo incluyente<\/li>\n\n\n\n<li>2024: Primer a\u00f1o de corredores con s\u00edndrome de Down en el equipo incluyente<\/li>\n<\/ul>\n\n\n\n<h2 class=\"wp-block-heading\"><strong>Carrera de la Mujer 2024<\/strong><\/h2>\n\n\n\n<p><strong>\u00bfCu\u00e1l ser\u00e1 el recorrido y qu\u00e9 categor\u00edas hay?<\/strong><\/p>\n\n\n\n<p>Como es habitual, el recorrido se llevar\u00e1 a cabo en el Parque Metropolitano Sim\u00f3n Bol\u00edvar y tiene tres categor\u00edas.<\/p>\n\n\n\n<p><strong>Categor\u00eda incluyente<\/strong>: corredores ciegos, sordos, con discapacidad f\u00edsica y este a\u00f1o, por primera vez con s\u00edndrome de Down<\/p>\n\n\n\n<p><strong>Categor\u00eda Inspirada:<\/strong> 5 kil\u00f3metros<\/p>\n\n\n\n<p><strong>Categor\u00eda Empoderada:<\/strong> 10 kil\u00f3metros<\/p>\n\n\n\n<p><strong>Categor\u00eda Valiente<\/strong>: 21 kil\u00f3metros<\/p>\n\n\n\n<p><strong>\u00bfCu\u00e1ndo ser\u00e1?<\/strong><\/p>\n\n\n\n<p>La Carrera de la Mujer 2024 ser\u00e1 el pr\u00f3ximo septiembre 8 de 2024. Los corredores participar\u00e1n en diversos entrenamientos previos a la carrera.<\/p>\n\n\n\n<p>Una de las novedades de la versi\u00f3n 2024 ser\u00e1 la <em>Clausura Siempre Contigo <\/em>que, con m\u00fasica especial, decoraci\u00f3n alusiva, hermosas medallas met\u00e1licas con cinta morada y un discurso emotivo premiar\u00e1 el coraje y el esfuerzo de los m\u00e1s de 150 competidores ciegos, sordos, con discapacidad f\u00edsica y con s\u00edndrome de Down que integran la categor\u00eda incluyente de la competencia.<\/p>\n","protected":false},"excerpt":{"rendered":"<p>El pr\u00f3ximo 8 de septiembre de 2024, Droguer\u00edas Colsubsidio crear\u00e1 un momento memorable y nunca antes visto en uno de los eventos atl\u00e9ticos m\u00e1s importantes del pa\u00eds, se trata de una premiaci\u00f3n exclusiva para corredores con discapacidad, llamada Clausura Siempre Contigo que con m\u00fasica especial, decoraci\u00f3n alusiva, hermosas medallas met\u00e1licas con cinta morada y un [&hellip;]<\/p>\n","protected":false},"author":2,"featured_media":1144,"comment_status":"open","ping_status":"open","sticky":false,"template":"","format":"standard","meta":{"_jetpack_newsletter_access":"","_jetpack_dont_email_post_to_subs":false,"_jetpack_newsletter_tier_id":0,"_jetpack_memberships_contains_paywalled_content":false,"_jetpack_memberships_contains_paid_content":false,"footnotes":""},"categories":[7],"tags":[],"class_list":{"0":"post-1143","1":"post","2":"type-post","3":"status-publish","4":"format-standard","5":"has-post-thumbnail","7":"category-deportes"},"jetpack_sharing_enabled":true,"jetpack_featured_media_url":"https:\/\/i0.wp.com\/colombiabuenanota.com\/wp-content\/uploads\/2024\/08\/WhatsApp-Image-2024-08-26-at-7.56.08-AM.jpeg?fit=700%2C466&ssl=1","jetpack-related-posts":[],"_links":{"self":[{"href":"https:\/\/colombiabuenanota.com\/index.php\/wp-json\/wp\/v2\/posts\/1143","targetHints":{"allow":["GET"]}}],"collection":[{"href":"https:\/\/colombiabuenanota.com\/index.php\/wp-json\/wp\/v2\/posts"}],"about":[{"href":"https:\/\/colombiabuenanota.com\/index.php\/wp-json\/wp\/v2\/types\/post"}],"author":[{"embeddable":true,"href":"https:\/\/colombiabuenanota.com\/index.php\/wp-json\/wp\/v2\/users\/2"}],"replies":[{"embeddable":true,"href":"https:\/\/colombiabuenanota.com\/index.php\/wp-json\/wp\/v2\/comments?post=1143"}],"version-history":[{"count":2,"href":"https:\/\/colombiabuenanota.com\/index.php\/wp-json\/wp\/v2\/posts\/1143\/revisions"}],"predecessor-version":[{"id":1155,"href":"https:\/\/colombiabuenanota.com\/index.php\/wp-json\/wp\/v2\/posts\/1143\/revisions\/1155"}],"wp:featuredmedia":[{"embeddable":true,"href":"https:\/\/colombiabuenanota.com\/index.php\/wp-json\/wp\/v2\/media\/1144"}],"wp:attachment":[{"href":"https:\/\/colombiabuenanota.com\/index.php\/wp-json\/wp\/v2\/media?parent=1143"}],"wp:term":[{"taxonomy":"category","embeddable":true,"href":"https:\/\/colombiabuenanota.com\/index.php\/wp-json\/wp\/v2\/categories?post=1143"},{"taxonomy":"post_tag","embeddable":true,"href":"https:\/\/colombiabuenanota.com\/index.php\/wp-json\/wp\/v2\/tags?post=1143"}],"curies":[{"name":"wp","href":"https:\/\/api.w.org\/{rel}","templated":true}]}}