{"id":1131,"date":"2024-08-30T18:18:38","date_gmt":"2024-08-30T23:18:38","guid":{"rendered":"https:\/\/colombiabuenanota.com\/?p=1131"},"modified":"2024-08-30T18:18:41","modified_gmt":"2024-08-30T23:18:41","slug":"arn-acompana-a-mas-de-700-personas-que-le-apuestan-a-la-paz","status":"publish","type":"post","link":"https:\/\/colombiabuenanota.com\/index.php\/2024\/08\/30\/arn-acompana-a-mas-de-700-personas-que-le-apuestan-a-la-paz\/","title":{"rendered":"En el Valle del Cauca, la ARN acompa\u00f1a a m\u00e1s de 700 personas que le apuestan a la construcci\u00f3n de paz"},"content":{"rendered":"\n<p>Con el fin de compartir los resultados de los diferentes procesos adelantados por la Agencia para la Reincorporaci\u00f3n y la Normalizaci\u00f3n (ARN) en el departamento del Valle, este 29 de agosto se realiz\u00f3 en la ciudad de Cali la Audiencia P\u00fablica de Rendici\u00f3n de Cuentas territorial, vigencia 2023.<\/p>\n\n\n\n<p><br>En esta vigencia, la ARN acompa\u00f1\u00f3 a 415 firmantes del Acuerdo Final de Paz. Adicionalmente, dentro de la ruta de Reintegraci\u00f3n, dirigida a quienes se acogieron a la resoluci\u00f3n 0754 (reintegrados de la guerrilla o autodefensas), se atendi\u00f3 a 195 personas. En la ruta de Justicia y Paz, se asisti\u00f3 a 64 personas, y en el Programa de Atenci\u00f3n Diferencial (PAD), se brind\u00f3 apoyo a 122 individuos que formaban parte de grupos al margen de la ley.<\/p>\n\n\n\n<p>El evento que cont\u00f3 con la presencia de entidades territoriales, entidades implementadoras del acuerdo de paz, firmantes de paz, personas en proceso de reintegraci\u00f3n, sus familias y comunidad; la jornada que se realiz\u00f3 en el auditorio de la Plazoleta Jairo Varela, tambi\u00e9n cont\u00f3 con una muestra comercial de los emprendimientos de paz de nuestra poblaci\u00f3n.<br>Como parte del balance del a\u00f1o 2023, la coordinadora territorial de ARN, Jennifer Betancourt Mar\u00edn, resalt\u00f3 los logros y avances de los procesos de reintegraci\u00f3n, justicia y paz, y reincorporaci\u00f3n liderados por la entidad en el departamento del Valle del Cauca, \u201cContamos con m\u00e1s de 722 personas de los diferentes procesos en el departamento del Valle, que est\u00e1n haciendo la transici\u00f3n hacia la vida civil a trav\u00e9s de proyectos productivos individuales en los \u00e1mbitos pol\u00edtico, social y econ\u00f3mico.&#8221;<\/p>\n\n\n\n<p><br>\u201cActualmente, la reincorporaci\u00f3n tiene un impacto significativo en la econom\u00eda local y popular, con m\u00e1s de 300 unidades productivas que han recibido el aporte de la ARN para la creaci\u00f3n y fortalecimiento de sus emprendimientos de las personas en proceso de reincorporaci\u00f3n&#8221;, agreg\u00f3 Jennifer.<\/p>\n\n\n\n<p><br>354 proyectos colectivos e individuales aprobados que benefician a 414 personas por un valor de $ $6.359.075.912. De las personas vinculadas con proyectos aprobados: 94 son mujeres y 320 son hombres. As\u00ed mismo, 171 personas tienen pertenencia \u00e9tnica.<\/p>\n\n\n\n<p>\u201cGracias al acompa\u00f1amiento de la ARN hoy tengo un emprendimiento consolidado que puede brindar oportunidades de trabajo a m\u00e1s personas de la regi\u00f3n, as\u00ed como, darle estabilidad econ\u00f3mica a mi familia&#8221; afirma Ricardo Medina Firmante de paz y campesino emprendedor de un proyecto que se centra en la producci\u00f3n y comercializaci\u00f3n de frutas y hortalizas.<\/p>\n\n\n\n<p><br>En el \u00e1mbito educativo, 401 personas accedieron a estudios de educaci\u00f3n primaria, secundaria y superior. De este grupo, 213 se graduaron de bachilleres y 205 avanzaron en sus estudios, en los modelos de educaci\u00f3n flexible Tejiendo Saberes y Maestro Itinerante.<br>Uno de los pilares de la misionalidad en la entidad, es la construcci\u00f3n y fortalecimiento del tejido social, la convivencia y la reconciliaci\u00f3n en los territorios, es por eso que, durante la jornada contamos con la muestra cultural y musical de \u2018Comadreo por la Paz\u2019, un grupo de mujeres que con su liderazgo pacifista y su empoderamiento rescatan la ancestralidad del territorio, se conectan con las comunidades y sanan los espacios que la violencia ha perpetrado vulnerando sus derechos, a trav\u00e9s del canto.<\/p>\n\n\n\n<p>En 2023, el Gobierno Nacional, la Sociedad de Activos Especiales \u2013 SAE y la Agencia de Reincorporaci\u00f3n y Normalizaci\u00f3n \u2013 ARN, realizaron la entrega oficial de Titularidad del Predio TR\u00d3PICOS: Frutos de la Esperanza, ubicado en el municipio de Yotoco \u2013 Valle del Cauca\u201d, a firmantes de paz que hoy le apuestan a la paz a trav\u00e9s del caf\u00e9; y con quienes se desarroll\u00f3 un piloto de Reincorporaci\u00f3n Comunitaria, impactando las comunidades aleda\u00f1as de Calimita y el jard\u00edn, as\u00ed como los firmantes que desarrollan el proyecto productivo en la finca Tr\u00f3picos, promoviendo la reconciliaci\u00f3n y trabajo en conjunto.<\/p>\n\n\n\n<p><br>La Agencia para la Reincorporaci\u00f3n y Normalizaci\u00f3n reconoce la importancia de la multiplicidad de voces, saberes y experiencias, de todos aquellos sujetos y colectivos que participan activamente en el proceso de reincorporaci\u00f3n y de construcci\u00f3n de paz territorial.<\/p>\n\n\n\n<p><br>La clave est\u00e1 en reconocernos como constructores de paz, en fortalecer la convivencia y en edificar una sociedad basada en el respeto mutuo y la colaboraci\u00f3n. Juntos, podemos forjar un futuro donde la Paz Total sea m\u00e1s que un sue\u00f1o, sea nuestra realidad compartida. \u00a1Sigamos adelante, juntos hacia la paz completa!<\/p>\n\n\n\n<h2 class=\"wp-block-heading\">La paz un compromiso de todos<\/h2>\n\n\n\n<p>Datos de inter\u00e9s:<\/p>\n\n\n\n<p><br>\u2022Proceso de Reintegraci\u00f3n: dirigido a desmovilizados individuales certificados por el Comit\u00e9 Operativo para la Dejaci\u00f3n de las Armas (CODA) y a desmovilizados colectivos del proceso de paz adelantado con las Autodefensas Unidas de Colombia (AUC).<br><\/p>\n\n\n\n<p>\u2022Proceso de reintegraci\u00f3n particular y diferenciado de Justicia y Paz: dirigido a la poblaci\u00f3n desmovilizada y postulada a la Ley de Justicia y Paz que recobra la libertad por cumplimiento de la pena alternativa privativa de la libertad o por efecto de la sustituci\u00f3n de la medida de aseguramiento.<\/p>\n\n\n\n<p><br>\u2022Proceso de Reincorporaci\u00f3n: dirigido a los exintegrantes de las FARC-EP, que dejaron las armas en el marco del Acuerdo.<\/p>\n\n\n\n<p><br>\u2022Proceso de Atenci\u00f3n Diferencial: dirigido a los exintegrantes de Grupos Armados Organizados (GAO), que se sometan individualmente a la justicia en el marco de lo establecido en el Decreto 965 de julio 7 de 2020, el cual adiciona el Decreto 1069 de 2015, \u00danico Reglamentario del Sector Justicia.<\/p>\n","protected":false},"excerpt":{"rendered":"<p>Con el fin de compartir los resultados de los diferentes procesos adelantados por la Agencia para la Reincorporaci\u00f3n y la Normalizaci\u00f3n (ARN) en el departamento del Valle, este 29 de agosto se realiz\u00f3 en la ciudad de Cali la Audiencia P\u00fablica de Rendici\u00f3n de Cuentas territorial, vigencia 2023. En esta vigencia, la ARN acompa\u00f1\u00f3 a [&hellip;]<\/p>\n","protected":false},"author":2,"featured_media":1132,"comment_status":"open","ping_status":"open","sticky":false,"template":"","format":"standard","meta":{"_jetpack_newsletter_access":"","_jetpack_dont_email_post_to_subs":false,"_jetpack_newsletter_tier_id":0,"_jetpack_memberships_contains_paywalled_content":false,"_jetpack_memberships_contains_paid_content":false,"footnotes":""},"categories":[14],"tags":[],"class_list":{"0":"post-1131","1":"post","2":"type-post","3":"status-publish","4":"format-standard","5":"has-post-thumbnail","7":"category-ciudades-buena-nota"},"jetpack_sharing_enabled":true,"jetpack_featured_media_url":"https:\/\/i0.wp.com\/colombiabuenanota.com\/wp-content\/uploads\/2024\/08\/WhatsApp-Image-2024-08-30-at-12.46.25-PM.jpeg?fit=700%2C466&ssl=1","jetpack-related-posts":[],"_links":{"self":[{"href":"https:\/\/colombiabuenanota.com\/index.php\/wp-json\/wp\/v2\/posts\/1131","targetHints":{"allow":["GET"]}}],"collection":[{"href":"https:\/\/colombiabuenanota.com\/index.php\/wp-json\/wp\/v2\/posts"}],"about":[{"href":"https:\/\/colombiabuenanota.com\/index.php\/wp-json\/wp\/v2\/types\/post"}],"author":[{"embeddable":true,"href":"https:\/\/colombiabuenanota.com\/index.php\/wp-json\/wp\/v2\/users\/2"}],"replies":[{"embeddable":true,"href":"https:\/\/colombiabuenanota.com\/index.php\/wp-json\/wp\/v2\/comments?post=1131"}],"version-history":[{"count":1,"href":"https:\/\/colombiabuenanota.com\/index.php\/wp-json\/wp\/v2\/posts\/1131\/revisions"}],"predecessor-version":[{"id":1133,"href":"https:\/\/colombiabuenanota.com\/index.php\/wp-json\/wp\/v2\/posts\/1131\/revisions\/1133"}],"wp:featuredmedia":[{"embeddable":true,"href":"https:\/\/colombiabuenanota.com\/index.php\/wp-json\/wp\/v2\/media\/1132"}],"wp:attachment":[{"href":"https:\/\/colombiabuenanota.com\/index.php\/wp-json\/wp\/v2\/media?parent=1131"}],"wp:term":[{"taxonomy":"category","embeddable":true,"href":"https:\/\/colombiabuenanota.com\/index.php\/wp-json\/wp\/v2\/categories?post=1131"},{"taxonomy":"post_tag","embeddable":true,"href":"https:\/\/colombiabuenanota.com\/index.php\/wp-json\/wp\/v2\/tags?post=1131"}],"curies":[{"name":"wp","href":"https:\/\/api.w.org\/{rel}","templated":true}]}}