{"id":1116,"date":"2024-08-23T16:24:06","date_gmt":"2024-08-23T21:24:06","guid":{"rendered":"https:\/\/colombiabuenanota.com\/?p=1116"},"modified":"2024-08-23T16:24:09","modified_gmt":"2024-08-23T21:24:09","slug":"233-jovenes-se-graduaron-del-programa-jovenes-en-las-tic","status":"publish","type":"post","link":"https:\/\/colombiabuenanota.com\/index.php\/2024\/08\/23\/233-jovenes-se-graduaron-del-programa-jovenes-en-las-tic\/","title":{"rendered":"233 j\u00f3venes se graduaron del programa &#8216;J\u00f3venes en las TIC&#8217;"},"content":{"rendered":"\n<p>En el marco del programa \u201cJ\u00f3venes en las TIC: Empleo para el Empoderamiento\u201d, apoyado por la Fundaci\u00f3n Citi y ejecutado por la Fundaci\u00f3n ACDI\/VOCA LA y el Programa J\u00f3venes Resilientes de USAID y ACDI\/VOCA, 233 j\u00f3venes en Cali y Buenaventura se graduaron como t\u00e9cnicos laborales en \u00e1reas de conocimiento asociadas a las Tecnolog\u00edas de la Informaci\u00f3n, como programas de sistemas inform\u00e1ticos, gesti\u00f3n<br>administrativa y agente portuario.<br><\/p>\n\n\n\n<p>El programa, que tiene como objetivo brindar herramientas que faciliten la vinculaci\u00f3n laboral de j\u00f3venes en condiciones vulnerables, se ha ejecutado en tres fases y a la fecha m\u00e1s de 800 personas han recibido su t\u00edtulo acad\u00e9mico en diferentes partes del pa\u00eds. Esta fase tres, enfocada en Cali y Buenaventura, cont\u00f3 con el apoyo de la Fundaci\u00f3n Promigas y la Fundaci\u00f3n Tecnol\u00f3gica del Pac\u00edfico UTAP.<br><\/p>\n\n\n\n<p>\u201cEn Citi vemos la educaci\u00f3n como un eje fundamental para el acceso a oportunidades laborales de calidad. Contribuyendo con este programa, buscamos apoyar el fortalecimiento de los conocimientos y habilidades de la poblaci\u00f3n joven en tecnolog\u00edas de la informaci\u00f3n, \u00e1rea clave y de alta demanda en el mercado\u201d, indic\u00f3 Jimena Botero, vicepresidente de Asuntos Corporativos Colombia y Regi\u00f3n Andina en Citi.<\/p>\n\n\n\n<p>Vale la pena destacar que, de esta nueva generaci\u00f3n de t\u00e9cnicos, 190 de ellos lograron generar ingresos de entre el 75% y el 125% del salario m\u00ednimo durante sus pr\u00e1cticas profesionales, y 99 culminaron su ciclo formativo con una vinculaci\u00f3n laboral en alguna de las 147 empresas de la regi\u00f3n que participaron en el proyecto.<br><\/p>\n\n\n\n<p>Estas contrataciones &#8211; donde el 62% eran mujeres y el 38% hombres &#8211; cuentan con un rango de edad entre los 18 y 29 a\u00f1os, y pertenecen a comunidades afro, ind\u00edgenas, entre otras.<\/p>\n\n\n\n<p>\u201cGracias a este programa, logr\u00e9 desarrollar habilidades administrativas que he podido implementar en mi emprendimiento. Durante mi pr\u00e1ctica, logr\u00e9 tambi\u00e9n participar de talleres y diferentes actividades que me motivaron a continuar con mi proyecto de vida. Le agradezco a todos los que hicieron posible que se llevara a cabo esta iniciativa, pues logr\u00e9 salir de mi zona de confort, retarme y superarme personal y profesionalmente\u201d, coment\u00f3 Vianka Mosquera, beneficiaria del proyecto.<br><\/p>\n\n\n\n<p>Es importante precisar que este programa tuvo dos fases previas que contaron con la participaci\u00f3n de m\u00e1s de 568 j\u00f3venes de Bogot\u00e1, Medell\u00edn, Barranquilla, Cali y Cartagena.<br><\/p>\n\n\n\n<p>\u201cEl respaldo de Citi ha sido clave para que m\u00e1s de 816 j\u00f3venes pertenecientes a comunidades vulnerables pudieran culminar sus estudios y formar parte activa del mercado laboral. Queremos que estas iniciativas puedan continuar de cara a un futuro m\u00e1s pr\u00f3spero, sobre todo, si tenemos en cuenta los retos que a\u00fan tenemos en Colombia respecto a la empleabilidad juvenil y el acceso a m\u00e1s y mejores oportunidades laborales\u201d, concluy\u00f3 Erika Mar\u00eda Arango Puerta, Directora Ejecutiva de la Fundaci\u00f3n ACDI\/VOCA LA<\/p>\n","protected":false},"excerpt":{"rendered":"<p>En el marco del programa \u201cJ\u00f3venes en las TIC: Empleo para el Empoderamiento\u201d, apoyado por la Fundaci\u00f3n Citi y ejecutado por la Fundaci\u00f3n ACDI\/VOCA LA y el Programa J\u00f3venes Resilientes de USAID y ACDI\/VOCA, 233 j\u00f3venes en Cali y Buenaventura se graduaron como t\u00e9cnicos laborales en \u00e1reas de conocimiento asociadas a las Tecnolog\u00edas de la [&hellip;]<\/p>\n","protected":false},"author":2,"featured_media":1117,"comment_status":"open","ping_status":"open","sticky":false,"template":"","format":"standard","meta":{"_jetpack_newsletter_access":"","_jetpack_dont_email_post_to_subs":false,"_jetpack_newsletter_tier_id":0,"_jetpack_memberships_contains_paywalled_content":false,"_jetpack_memberships_contains_paid_content":false,"footnotes":""},"categories":[19],"tags":[],"class_list":{"0":"post-1116","1":"post","2":"type-post","3":"status-publish","4":"format-standard","5":"has-post-thumbnail","7":"category-uncategorized"},"jetpack_sharing_enabled":true,"jetpack_featured_media_url":"https:\/\/i0.wp.com\/colombiabuenanota.com\/wp-content\/uploads\/2024\/08\/WhatsApp-Image-2024-08-23-at-4.22.34-PM.jpeg?fit=700%2C393&ssl=1","jetpack-related-posts":[],"_links":{"self":[{"href":"https:\/\/colombiabuenanota.com\/index.php\/wp-json\/wp\/v2\/posts\/1116","targetHints":{"allow":["GET"]}}],"collection":[{"href":"https:\/\/colombiabuenanota.com\/index.php\/wp-json\/wp\/v2\/posts"}],"about":[{"href":"https:\/\/colombiabuenanota.com\/index.php\/wp-json\/wp\/v2\/types\/post"}],"author":[{"embeddable":true,"href":"https:\/\/colombiabuenanota.com\/index.php\/wp-json\/wp\/v2\/users\/2"}],"replies":[{"embeddable":true,"href":"https:\/\/colombiabuenanota.com\/index.php\/wp-json\/wp\/v2\/comments?post=1116"}],"version-history":[{"count":1,"href":"https:\/\/colombiabuenanota.com\/index.php\/wp-json\/wp\/v2\/posts\/1116\/revisions"}],"predecessor-version":[{"id":1118,"href":"https:\/\/colombiabuenanota.com\/index.php\/wp-json\/wp\/v2\/posts\/1116\/revisions\/1118"}],"wp:featuredmedia":[{"embeddable":true,"href":"https:\/\/colombiabuenanota.com\/index.php\/wp-json\/wp\/v2\/media\/1117"}],"wp:attachment":[{"href":"https:\/\/colombiabuenanota.com\/index.php\/wp-json\/wp\/v2\/media?parent=1116"}],"wp:term":[{"taxonomy":"category","embeddable":true,"href":"https:\/\/colombiabuenanota.com\/index.php\/wp-json\/wp\/v2\/categories?post=1116"},{"taxonomy":"post_tag","embeddable":true,"href":"https:\/\/colombiabuenanota.com\/index.php\/wp-json\/wp\/v2\/tags?post=1116"}],"curies":[{"name":"wp","href":"https:\/\/api.w.org\/{rel}","templated":true}]}}