{"id":1113,"date":"2024-08-23T16:13:28","date_gmt":"2024-08-23T21:13:28","guid":{"rendered":"https:\/\/colombiabuenanota.com\/?p=1113"},"modified":"2024-08-23T16:13:31","modified_gmt":"2024-08-23T21:13:31","slug":"firma-de-acuerdo-para-impulsar-la-educacion-dual-en-el-valle","status":"publish","type":"post","link":"https:\/\/colombiabuenanota.com\/index.php\/2024\/08\/23\/firma-de-acuerdo-para-impulsar-la-educacion-dual-en-el-valle\/","title":{"rendered":"33 empresas firman acuerdo para impulsar la educaci\u00f3n dual en el Valle"},"content":{"rendered":"\n<p>En el Hotel Intercontinental de Cali se celebr\u00f3 el primer Foro de Educaci\u00f3n Dual por la competitividad empresarial del Valle, durante el cual, la gobernadora Dilian Francisca Toro anunci\u00f3 una iniciativa para convertir al departamento en el epicentro de la educaci\u00f3n dual en el pa\u00eds. Como resultado, 33 empresas de la regi\u00f3n se sumaron al llamado para promover este modelo, bajo la premisa de fomentar la empleabilidad juvenil, a partir de una metodolog\u00eda que combina la ense\u00f1anza te\u00f3rica en las instituciones acad\u00e9micas con la experiencia pr\u00e1ctica en empresas.<\/p>\n\n\n\n<p>En el departamento ya se han implementado programas innovadores como VALLEmplea y DigiCampus, enfocados en transformar la vida de los j\u00f3venes y fortalecer la econom\u00eda de la regi\u00f3n, al alinear la educaci\u00f3n con las demandas del mercado laboral. Con el objetivo de continuar generando m\u00e1s oportunidades para la poblaci\u00f3n, la Gobernaci\u00f3n apuesta por el modelo de Educaci\u00f3n Dual, que vincula al sector privado para ofrecer a los j\u00f3venes una formaci\u00f3n integral que les proporcionar\u00e1 mayores competencias para enfrentar el futuro.<\/p>\n\n\n\n<p>\u201cEstamos impulsando educaci\u00f3n dual donde se forman los j\u00f3venes, pero al mismo tiempo se lleva a la pr\u00e1ctica para que as\u00ed, de esa manera, con esa articulaci\u00f3n entre empresa y formaci\u00f3n, los j\u00f3venes puedan tener m\u00e1s acceso al mercado laboral, adem\u00e1s, con una formaci\u00f3n pertinente que est\u00e9 de acuerdo a lo que necesita el mercado laboral. Por eso, la experiencia de&nbsp; Nestl\u00e9 en este campo resulta muy importante compartirla, para que otras empresas tambi\u00e9n se motiven\u201d, expres\u00f3 la gobernadora del Valle, Dilian Francisca Toro, durante su participaci\u00f3n en este foro.<\/p>\n\n\n\n<p>&#8220;Acompa\u00f1amos los esfuerzos de la Gobernaci\u00f3n del Valle del Cauca para posicionar al departamento como epicentro del desarrollo del talento joven en Colombia, brindando herramientas para enfrentar los desaf\u00edos del futuro con habilidades y competencias de alto valor. Tras cinco a\u00f1os impulsando la Educaci\u00f3n Dual, en Nestl\u00e9 hemos visto que este modelo no solo contribuye a derribar la barrera del primer empleo, sino que anticipa el fortalecimiento de habilidades alineadas con las necesidades del mercado laboral y de nuestras compa\u00f1\u00edas, gracias al rol activo de la empresa privada en su formaci\u00f3n&#8221; afirm\u00f3 Felipe Gonz\u00e1lez, presidente de Nestl\u00e9 Colombia. &#8220;La combinaci\u00f3n del aprendizaje acad\u00e9mico y la pr\u00e1ctica empresarial que ofrece el modelo dual aumenta la motivaci\u00f3n por aprender y representa una v\u00eda transformadora para Colombia en el prop\u00f3sito de cerrar la brecha de empleabilidad&#8221;, complet\u00f3.<\/p>\n\n\n\n<p>Durante el Foro, Nestl\u00e9 anunci\u00f3 que viene trabajando junto al Ministerio del Trabajo y un aliado del sector educativo con el fin de crear nuevos programas, dentro del &#8220;Subsistema de Educaci\u00f3n para el Trabajo&#8221;, para brindar oportunidades de formaci\u00f3n a j\u00f3venes que quieran desarrollar una carrera alrededor de tres programas puntuales: producci\u00f3n de l\u00e1cteos, de caf\u00e9 y de confiter\u00eda. A trav\u00e9s de esta colaboraci\u00f3n, se sentar\u00e1n las bases para que otras instituciones educativas puedan adoptar estos programas, facilitando as\u00ed la inclusi\u00f3n de estudiantes tanto en las f\u00e1bricas de Nestl\u00e9 como en otras empresas interesadas en el modelo de Educaci\u00f3n Dual.<\/p>\n\n\n\n<p>Desde 2019, Nestl\u00e9 viene implementando el modelo de educaci\u00f3n dual con excelentes resultados a la fecha. De hecho, en el \u00faltmo a\u00f1o, la compa\u00f1\u00eda vincul\u00f3 a ocho de los j\u00f3venes formados bajo esta metodolog\u00eda; cuatro de ellos con roles clave en la sede central, mientras los otros vienen desempe\u00f1\u00e1ndose en los equipos de Nestl\u00e9 Purina y Nespresso. Adem\u00e1s, ya viene adelantando el proceso de selecci\u00f3n para nuevos estudiantes en co-formaci\u00f3n.<\/p>\n\n\n\n<p>Con este y otros programas que hacen parte de su Iniciativa por los J\u00f3venes, la compa\u00f1\u00eda de alimentos viene trabajando con el objetivo de beneficiar a m\u00e1s de 10 millones de personas con oportunidades de generaci\u00f3n de ingresos, a partir de iniciativas que promueven el emprendimiento, agro emprendimiento y empleabilidad.<\/p>\n","protected":false},"excerpt":{"rendered":"<p>En el Hotel Intercontinental de Cali se celebr\u00f3 el primer Foro de Educaci\u00f3n Dual por la competitividad empresarial del Valle, durante el cual, la gobernadora Dilian Francisca Toro anunci\u00f3 una iniciativa para convertir al departamento en el epicentro de la educaci\u00f3n dual en el pa\u00eds. Como resultado, 33 empresas de la regi\u00f3n se sumaron al [&hellip;]<\/p>\n","protected":false},"author":2,"featured_media":1114,"comment_status":"open","ping_status":"open","sticky":false,"template":"","format":"standard","meta":{"_jetpack_newsletter_access":"","_jetpack_dont_email_post_to_subs":false,"_jetpack_newsletter_tier_id":0,"_jetpack_memberships_contains_paywalled_content":false,"_jetpack_memberships_contains_paid_content":false,"footnotes":""},"categories":[19],"tags":[],"class_list":{"0":"post-1113","1":"post","2":"type-post","3":"status-publish","4":"format-standard","5":"has-post-thumbnail","7":"category-uncategorized"},"jetpack_sharing_enabled":true,"jetpack_featured_media_url":"https:\/\/i0.wp.com\/colombiabuenanota.com\/wp-content\/uploads\/2024\/08\/Foro-Educacion-Dual-1.jpeg?fit=700%2C297&ssl=1","jetpack-related-posts":[],"_links":{"self":[{"href":"https:\/\/colombiabuenanota.com\/index.php\/wp-json\/wp\/v2\/posts\/1113","targetHints":{"allow":["GET"]}}],"collection":[{"href":"https:\/\/colombiabuenanota.com\/index.php\/wp-json\/wp\/v2\/posts"}],"about":[{"href":"https:\/\/colombiabuenanota.com\/index.php\/wp-json\/wp\/v2\/types\/post"}],"author":[{"embeddable":true,"href":"https:\/\/colombiabuenanota.com\/index.php\/wp-json\/wp\/v2\/users\/2"}],"replies":[{"embeddable":true,"href":"https:\/\/colombiabuenanota.com\/index.php\/wp-json\/wp\/v2\/comments?post=1113"}],"version-history":[{"count":1,"href":"https:\/\/colombiabuenanota.com\/index.php\/wp-json\/wp\/v2\/posts\/1113\/revisions"}],"predecessor-version":[{"id":1115,"href":"https:\/\/colombiabuenanota.com\/index.php\/wp-json\/wp\/v2\/posts\/1113\/revisions\/1115"}],"wp:featuredmedia":[{"embeddable":true,"href":"https:\/\/colombiabuenanota.com\/index.php\/wp-json\/wp\/v2\/media\/1114"}],"wp:attachment":[{"href":"https:\/\/colombiabuenanota.com\/index.php\/wp-json\/wp\/v2\/media?parent=1113"}],"wp:term":[{"taxonomy":"category","embeddable":true,"href":"https:\/\/colombiabuenanota.com\/index.php\/wp-json\/wp\/v2\/categories?post=1113"},{"taxonomy":"post_tag","embeddable":true,"href":"https:\/\/colombiabuenanota.com\/index.php\/wp-json\/wp\/v2\/tags?post=1113"}],"curies":[{"name":"wp","href":"https:\/\/api.w.org\/{rel}","templated":true}]}}