{"id":1110,"date":"2024-08-23T16:08:40","date_gmt":"2024-08-23T21:08:40","guid":{"rendered":"https:\/\/colombiabuenanota.com\/?p=1110"},"modified":"2024-08-23T16:08:43","modified_gmt":"2024-08-23T21:08:43","slug":"los-ninos-buscan-ser-tomados-en-cuenta-en-procesos-de-paz","status":"publish","type":"post","link":"https:\/\/colombiabuenanota.com\/index.php\/2024\/08\/23\/los-ninos-buscan-ser-tomados-en-cuenta-en-procesos-de-paz\/","title":{"rendered":"Los ni\u00f1os y ni\u00f1as de Colombia buscan ser tomados en cuenta en procesos de paz."},"content":{"rendered":"\n<p>Colombia atraviesa un momento cr\u00edtico en su proceso de paz, especialmente en las negociaciones entre el Gobierno Nacional y el ELN. El Tejido Intergeneracional por la Paz y los Derechos Humanos, conformado por ni\u00f1as, ni\u00f1os, adolescentes, j\u00f3venes, adultos y personas mayores, as\u00ed como organizaciones y entidades nacionales e internacionales, enfatiza la importancia de incluir la voz de la ni\u00f1ez (NNA) en la construcci\u00f3n de una paz duradera.<\/p>\n\n\n\n<p>Desde el \u201cTejido intergeneracional\u201d buscamos promover su participaci\u00f3n protag\u00f3nica en la cultura de paz, di\u00e1logos y pol\u00edticas p\u00fablicas de su inter\u00e9s, realizando procesos que visibilicen sus voces, adem\u00e1s de promover entornos seguros y protectores, y garantizar su inclusi\u00f3n efectiva.<\/p>\n\n\n\n<p><strong>\u201cHacemos un llamado urgente al Gobierno Nacional y al ELN para dialogar y buscar una salida negociada al conflicto, enfatizando la paz como derecho fundamental de las y los colombianos. Exigimos la pr\u00f3rroga del cese al fuego bilateral y nacional para proteger a ni\u00f1as, ni\u00f1os y adolescentes en zonas afectadas, y exigimos prevenir, atender y eliminar toda forma de violencia hacia ellas y ellos\u201d. <\/strong><\/p>\n\n\n\n<p>Instamos a respetar el Protocolo de acciones espec\u00edficas del cese al fuego, y la jurisprudencia que proh\u00edbe el reclutamiento, uso y utilizaci\u00f3n de menores de 18 a\u00f1os en el conflicto, considerando el impacto generacional que tiene sobre la ni\u00f1ez, adolescencia y sus comunidades. En el encuentro nacional aut\u00f3nomo &#8220;Las ni\u00f1as y ni\u00f1os contamos para la paz&#8221;, realizado en el marco de la primera fase del dise\u00f1o del modelo de participaci\u00f3n, las y las ni\u00f1as, ni\u00f1os y adolescentes participantes, manifestaron lo siguiente: <\/p>\n\n\n\n<p>\u201cLos ni\u00f1os, ni\u00f1as y adolescentes no solo somos el futuro, sino tambi\u00e9n el presente. Las ni\u00f1as, ni\u00f1os y adolescentes participamos en iniciativas de voluntariado y servicio comunitario, ayudando a quienes lo necesitan y construyendo lazos de seguridad y paz. No solo nos tomen en cuenta por obligaci\u00f3n, sino porque en serio hagan conciencia del uso de nuestra palabra. La construcci\u00f3n de la paz desde la ni\u00f1ez requiere recursos econ\u00f3micos oportunos. Sin infantilizaci\u00f3n o explotaci\u00f3n de nuestra imagen, y con la participaci\u00f3n igualitaria de todas las regiones del pa\u00eds. Exigimos informaci\u00f3n de calidad para que no haya ning\u00fan error, una informaci\u00f3n que sea verificable y razonable. Adem\u00e1s, la divulgaci\u00f3n en los medios de comunicaci\u00f3n se debe realizar de manera responsable y segura. Nuestra voz ser\u00e1 escuchada\u201d<\/p>\n\n\n\n<p>\u00a1Las decisiones u omisiones de las partes tienen importantes efectos en las presentes y futuras generaciones!<\/p>\n","protected":false},"excerpt":{"rendered":"<p>Colombia atraviesa un momento cr\u00edtico en su proceso de paz, especialmente en las negociaciones entre el Gobierno Nacional y el ELN. El Tejido Intergeneracional por la Paz y los Derechos Humanos, conformado por ni\u00f1as, ni\u00f1os, adolescentes, j\u00f3venes, adultos y personas mayores, as\u00ed como organizaciones y entidades nacionales e internacionales, enfatiza la importancia de incluir la [&hellip;]<\/p>\n","protected":false},"author":2,"featured_media":1111,"comment_status":"open","ping_status":"open","sticky":false,"template":"","format":"standard","meta":{"_jetpack_newsletter_access":"","_jetpack_dont_email_post_to_subs":false,"_jetpack_newsletter_tier_id":0,"_jetpack_memberships_contains_paywalled_content":false,"_jetpack_memberships_contains_paid_content":false,"footnotes":""},"categories":[258],"tags":[],"class_list":{"0":"post-1110","1":"post","2":"type-post","3":"status-publish","4":"format-standard","5":"has-post-thumbnail","7":"category-actualidad"},"jetpack_sharing_enabled":true,"jetpack_featured_media_url":"https:\/\/i0.wp.com\/colombiabuenanota.com\/wp-content\/uploads\/2024\/08\/ninos-carta.jpeg?fit=700%2C392&ssl=1","jetpack-related-posts":[],"_links":{"self":[{"href":"https:\/\/colombiabuenanota.com\/index.php\/wp-json\/wp\/v2\/posts\/1110","targetHints":{"allow":["GET"]}}],"collection":[{"href":"https:\/\/colombiabuenanota.com\/index.php\/wp-json\/wp\/v2\/posts"}],"about":[{"href":"https:\/\/colombiabuenanota.com\/index.php\/wp-json\/wp\/v2\/types\/post"}],"author":[{"embeddable":true,"href":"https:\/\/colombiabuenanota.com\/index.php\/wp-json\/wp\/v2\/users\/2"}],"replies":[{"embeddable":true,"href":"https:\/\/colombiabuenanota.com\/index.php\/wp-json\/wp\/v2\/comments?post=1110"}],"version-history":[{"count":1,"href":"https:\/\/colombiabuenanota.com\/index.php\/wp-json\/wp\/v2\/posts\/1110\/revisions"}],"predecessor-version":[{"id":1112,"href":"https:\/\/colombiabuenanota.com\/index.php\/wp-json\/wp\/v2\/posts\/1110\/revisions\/1112"}],"wp:featuredmedia":[{"embeddable":true,"href":"https:\/\/colombiabuenanota.com\/index.php\/wp-json\/wp\/v2\/media\/1111"}],"wp:attachment":[{"href":"https:\/\/colombiabuenanota.com\/index.php\/wp-json\/wp\/v2\/media?parent=1110"}],"wp:term":[{"taxonomy":"category","embeddable":true,"href":"https:\/\/colombiabuenanota.com\/index.php\/wp-json\/wp\/v2\/categories?post=1110"},{"taxonomy":"post_tag","embeddable":true,"href":"https:\/\/colombiabuenanota.com\/index.php\/wp-json\/wp\/v2\/tags?post=1110"}],"curies":[{"name":"wp","href":"https:\/\/api.w.org\/{rel}","templated":true}]}}