{"id":1037,"date":"2024-07-25T08:55:54","date_gmt":"2024-07-25T13:55:54","guid":{"rendered":"https:\/\/colombiabuenanota.com\/?p=1037"},"modified":"2024-07-25T08:55:58","modified_gmt":"2024-07-25T13:55:58","slug":"paloma-san-basilio-llega-con-gracias-tour","status":"publish","type":"post","link":"https:\/\/colombiabuenanota.com\/index.php\/2024\/07\/25\/paloma-san-basilio-llega-con-gracias-tour\/","title":{"rendered":"Paloma San Basilio \u2018Gracias Tour\u2019"},"content":{"rendered":"\n<p>Paloma San Basilio se complace en anunciar las fechas confirmadas para sus esperados conciertos en Colombia como parte de su emotiva gira de despedida \u2018Gracias\u2019. Esta ser\u00e1 la ultima oportunidad para que sus fan\u00e1ticos la vean cantar en vivo.<\/p>\n\n\n\n<p>Desde los primeros d\u00edas de su carrera, Paloma San Basilio ha logrado alcanzar hitos impresionantes, convirti\u00e9ndose en una de las voces m\u00e1s veneradas y queridas del mundo musical. Su m\u00fasica no solo ha resonado en su pa\u00eds natal, sino que ha cruzado fronteras, entrando en los corazones y hogares de sus innumerables seguidores, quienes han sido testigos de momentos inolvidables a lo largo de su trayectoria art\u00edstica.<\/p>\n\n\n\n<p>Ahora, con la gira \u2018Gracias\u2019, Paloma San Basilio desea expresar su m\u00e1s sincero agradecimiento a todos aquellos que han formado parte de su extraordinario viaje musical. Esta gira representa su despedida de los escenarios y es un homenaje a sus fieles seguidores, colaboradores y amigos que han sido esenciales en su \u00e9xito. Cada aplauso, cada palabra de aliento y cada instante compartido han sido pilares fundamentales en su carrera.<\/p>\n\n\n\n<p>A lo largo de su destacada carrera, Paloma ha sido reconocida con una multitud de premios y honores. Entre ellos, se destacan el prestigioso premio a la trayectoria en los Latin Grammys y la Medalla de Oro de Bellas Artes otorgada por el gobierno de Espa\u00f1a. Adem\u00e1s, ha logrado obtener numerosos discos de oro y platino por sus \u00e1lbumes exitosos. Sin embargo, m\u00e1s all\u00e1 de estos logros tangibles, Paloma valora profundamente los momentos \u00fanicos e irrepetibles compartidos con su p\u00fablico durante estos 50 a\u00f1os de carrera.<\/p>\n\n\n\n<p>La gira \u2018Gracias\u2019 promete ser un espect\u00e1culo lleno de emoci\u00f3n y sentimientos, donde Paloma San Basilio interpretar\u00e1 los grandes \u00e9xitos que han marcado su vida art\u00edstica. Ser\u00e1 una oportunidad irrepetible para que el p\u00fablico celebre junto a ella el legado de una verdadera leyenda de la m\u00fasica en espa\u00f1ol, en un ambiente de amor y gratitud. Canciones como \u2018Por qu\u00e9 me abandonaste\u2019, \u2018Nadie como t\u00fa\u2019, \u2018Luna de miel\u2019, \u2018Cari\u00f1o m\u00edo\u2019 y \u2018Juntos\u2019, entre muchos otros de sus \u00e9xitos estar\u00e1n engrosando el repertorio que la diva espa\u00f1ola interpretar\u00e1 en su gira de despedida.<\/p>\n\n\n\n<h2 class=\"wp-block-heading\">Informaci\u00f3n para compra de boletas para ver a Paloma San Basilio<\/h2>\n\n\n\n<div class=\"wp-block-group is-nowrap is-layout-flex wp-container-core-group-is-layout-1 wp-block-group-is-layout-flex\">\n<p>Bogot\u00e1, 8 de noviembre, Teatro Jorge Eli\u00e9cer Gait\u00e1n.<\/p>\n<\/div>\n\n\n\n<ul class=\"wp-block-list\">\n<li>Barranquilla, 9 de noviembre, Sal\u00f3n Jumbo del Country Club.<\/li>\n<\/ul>\n\n\n\n<ul class=\"wp-block-list\">\n<li>Medell\u00edn, 14 de noviembre, Teatro Metropolitano.<\/li>\n<\/ul>\n\n\n\n<ul class=\"wp-block-list\">\n<li>Cali, 15 de noviembre, Teatro Jorge Isaacs.<\/li>\n<\/ul>\n\n\n\n<p>La boleter\u00eda para el concierto de Bogot\u00e1 ya est\u00e1 disponible en <a href=\"http:\/\/www.tuboleta.com\" target=\"_blank\" rel=\"noopener\">www.tuboleta.com<\/a>.&nbsp; Para el resto de ciudades las entradas pueden conseguirse en <a href=\"http:\/\/www.masboleteria.com\" target=\"_blank\" rel=\"noopener\">www.masboleteria.com<\/a>&nbsp;<\/p>\n\n\n\n<p>Adem\u00e1s, los fieles admiradores de Paloma que adquieran entradas para primera fila tendr\u00e1n una oportunidad \u00fanica de atesorar un recuerdo inigualable, ya que esto les dar\u00e1 derecho a estar entre las contadas personas que tendr\u00e1n el privilegio de tomarse fotos en privado con la estrella espa\u00f1ola de la canci\u00f3n.<\/p>\n","protected":false},"excerpt":{"rendered":"<p>Paloma San Basilio se complace en anunciar las fechas confirmadas para sus esperados conciertos en Colombia como parte de su emotiva gira de despedida \u2018Gracias\u2019. Esta ser\u00e1 la ultima oportunidad para que sus fan\u00e1ticos la vean cantar en vivo. Desde los primeros d\u00edas de su carrera, Paloma San Basilio ha logrado alcanzar hitos impresionantes, convirti\u00e9ndose [&hellip;]<\/p>\n","protected":false},"author":2,"featured_media":1038,"comment_status":"open","ping_status":"open","sticky":false,"template":"","format":"standard","meta":{"_jetpack_newsletter_access":"","_jetpack_dont_email_post_to_subs":false,"_jetpack_newsletter_tier_id":0,"_jetpack_memberships_contains_paywalled_content":false,"_jetpack_memberships_contains_paid_content":false,"footnotes":""},"categories":[6],"tags":[],"class_list":{"0":"post-1037","1":"post","2":"type-post","3":"status-publish","4":"format-standard","5":"has-post-thumbnail","7":"category-cultura-y-turismo"},"jetpack_sharing_enabled":true,"jetpack_featured_media_url":"https:\/\/i0.wp.com\/colombiabuenanota.com\/wp-content\/uploads\/2024\/07\/Paloma-San-Basilio_Burdeos_3-.jpg?fit=700%2C1050&ssl=1","jetpack-related-posts":[],"_links":{"self":[{"href":"https:\/\/colombiabuenanota.com\/index.php\/wp-json\/wp\/v2\/posts\/1037","targetHints":{"allow":["GET"]}}],"collection":[{"href":"https:\/\/colombiabuenanota.com\/index.php\/wp-json\/wp\/v2\/posts"}],"about":[{"href":"https:\/\/colombiabuenanota.com\/index.php\/wp-json\/wp\/v2\/types\/post"}],"author":[{"embeddable":true,"href":"https:\/\/colombiabuenanota.com\/index.php\/wp-json\/wp\/v2\/users\/2"}],"replies":[{"embeddable":true,"href":"https:\/\/colombiabuenanota.com\/index.php\/wp-json\/wp\/v2\/comments?post=1037"}],"version-history":[{"count":1,"href":"https:\/\/colombiabuenanota.com\/index.php\/wp-json\/wp\/v2\/posts\/1037\/revisions"}],"predecessor-version":[{"id":1039,"href":"https:\/\/colombiabuenanota.com\/index.php\/wp-json\/wp\/v2\/posts\/1037\/revisions\/1039"}],"wp:featuredmedia":[{"embeddable":true,"href":"https:\/\/colombiabuenanota.com\/index.php\/wp-json\/wp\/v2\/media\/1038"}],"wp:attachment":[{"href":"https:\/\/colombiabuenanota.com\/index.php\/wp-json\/wp\/v2\/media?parent=1037"}],"wp:term":[{"taxonomy":"category","embeddable":true,"href":"https:\/\/colombiabuenanota.com\/index.php\/wp-json\/wp\/v2\/categories?post=1037"},{"taxonomy":"post_tag","embeddable":true,"href":"https:\/\/colombiabuenanota.com\/index.php\/wp-json\/wp\/v2\/tags?post=1037"}],"curies":[{"name":"wp","href":"https:\/\/api.w.org\/{rel}","templated":true}]}}