{"id":1023,"date":"2024-07-23T13:03:59","date_gmt":"2024-07-23T18:03:59","guid":{"rendered":"https:\/\/colombiabuenanota.com\/?p=1023"},"modified":"2024-07-23T13:04:02","modified_gmt":"2024-07-23T18:04:02","slug":"llega-la-expointernacional-equina-a-la-feria-de-las-flores","status":"publish","type":"post","link":"https:\/\/colombiabuenanota.com\/index.php\/2024\/07\/23\/llega-la-expointernacional-equina-a-la-feria-de-las-flores\/","title":{"rendered":"Llega la 65\u00aa Expointernacional Equina a la Feria de las Flores"},"content":{"rendered":"\n<p>\u00a0La Asociaci\u00f3n de Criadores de Caballos Criollos Colombianos de Silla -ASDESILLA- se complace en anunciar el lanzamiento de la <strong>65\u00aa EXPOINTERNACIONAL EQUINA \u2013 FERIA DE LAS FLORES, Grado A<\/strong>, un evento que celebra la majestuosidad y la importancia del Caballo Criollo Colombiano. Esta feria, que se realizar\u00e1 del <strong>6 al 10 de agosto en la sede Asdesilla de Rionegro<\/strong>, en el marco de la tradicional Feria de las Flores de Medell\u00edn, es el evento m\u00e1s importante del Caballo Criollo Colombiano en el mundo. Ser\u00e1n cinco d\u00edas de feria para disfrutar de las tradiciones, las flores, y, por supuesto, del caballo, a quien se le rinde un homenaje por ser una raza que representa el coraz\u00f3n y el alma de Colombia.<\/p>\n\n\n\n<p><br>La <strong>65\u00aa EXPOINTERNACIONAL EQUINA \u2013 FERIA DE LAS FLORES<\/strong> incluye una gran variedad de actividades relacionadas con la cultura y tradiciones de Colombia. Es un evento que atrae a miles de visitantes tanto nacionales como internacionales cada a\u00f1o <strong>(30.000 visitantes presenciales y m\u00e1s de 1\u2019200.000 visitantes virtuales). <\/strong>Cabe resaltar que en las zonas VIP, un 30% son visitantes de otros departamentos y un 18% visitantes de otros pa\u00edses como: Puerto Rico, Rep\u00fablica Dominicana, Aruba, Curazao, Ecuador, Panam\u00e1, Venezuela, Costa Rica, Brasil, Canad\u00e1, entre otros. <strong>Alrededor de la feria se estima una derrama econ\u00f3mica directa cercana a los 13.000 millones de pesos y m\u00e1s de 800 empleos directos e indirectos. <\/strong>Adem\u00e1s de disfrutar de las competencias y exposiciones <strong>(con m\u00e1s de 700 caballos)<\/strong>, los asistentes podr\u00e1n disfrutar de una variada zona gastron\u00f3mica y participar en actividades art\u00edsticas, culturales y recreativas en un evento que destaca la belleza de los caballos y la cultura de Colombia y la regi\u00f3n.<\/p>\n\n\n\n<p><\/p>\n\n\n\n<h2 class=\"wp-block-heading\">Eventos de la la 65\u00aa Expointernacional Equina en la Feria de las Flores<\/h2>\n\n\n\n<ul class=\"wp-block-list\">\n<li><strong>Competencias de caballos:<\/strong> presentaciones que muestran las habilidades y la belleza de estos magn\u00edficos ejemplares: trote y galope, trocha y galope, trocha y paso fino.<\/li>\n\n\n\n<li><strong>Jornadas acad\u00e9micas:<\/strong> conferencias sobre la cr\u00eda, cuidado, manejo y bienestar del Caballo Criollo Colombiano, dirigidas por expertos nacionales e internacionales.<\/li>\n\n\n\n<li><strong>Espacios comerciales:<\/strong> oportunidades para establecer contactos y negocios, con la participaci\u00f3n de criadores, veterinarios y empresas en m\u00e1s de 70 stands.<\/li>\n\n\n\n<li><strong>Actividades culturales y de entretenimiento:<\/strong> espect\u00e1culos folcl\u00f3ricos, desfile de silleteros en la pista de juzgamientos, amplia zona gastron\u00f3mica, grandes remates musicales y espacios de entretenimiento para toda la familia.<\/li>\n<\/ul>\n\n\n\n<h2 class=\"wp-block-heading\">Caballo criollo: Historia, tradici\u00f3n, patrimonio y pasi\u00f3n<\/h2>\n\n\n\n<p>El Caballo Criollo Colombiano no solo es un s\u00edmbolo de la identidad cultural, sino tambi\u00e9n un pilar fundamental para el desarrollo econ\u00f3mico y social del pa\u00eds. Su suavidad, resistencia, versatilidad y elegancia lo han convertido en un aliado indispensable para los trabajos de campo y un orgullo nacional en el sector equino mundial.<\/p>\n\n\n\n<p>El Caballo Criollo Colombiano es una raza aut\u00f3ctona y \u00fanica en el mundo con una historia rica y profundamente arraigada en la cultura y la econom\u00eda del pa\u00eds, distinguida por su resistencia, versatilidad, elegancia y por ser <em>\u201cel caballo de silla m\u00e1s suave del mundo\u201d<\/em>. Sin embargo, aunque proviene de los caballos tra\u00eddos por los conquistadores espa\u00f1oles, ha evolucionado a lo largo de los siglos en las condiciones geogr\u00e1ficas y clim\u00e1ticas de Colombia, por eso su autenticidad. Este caballo se caracteriza por su andar suave y su br\u00edo, que lo hace ideal para las labores en el campo, la equitaci\u00f3n (Chalaner\u00eda), equinoterapia, competencias, cabalgatas, entre otros. Adem\u00e1s de su valor cultural y tradicional, el Caballo Criollo Colombiano es fundamental para el desarrollo del campo. Su adaptabilidad y fortaleza lo convierten en un aliado indispensable para los agricultores y ganaderos, contribuyendo significativamente a la econom\u00eda rural.<\/p>\n\n\n\n<h2 class=\"wp-block-heading\">Modalidades del caballo criollo colombiano<\/h2>\n\n\n\n<p>El Caballo Criollo Colombiano se clasifica en cuatro modalidades seg\u00fan su andar (paso), as\u00ed:<\/p>\n\n\n\n<ul class=\"wp-block-list\">\n<li><strong>Trote y galope:<\/strong> destacado por su cadencia y armon\u00eda.<\/li>\n\n\n\n<li><strong>Trocha y galope:<\/strong> c\u00f3modo y continuo.<\/li>\n\n\n\n<li><strong>Trocha pura colombiana:<\/strong> firme y sonora.<\/li>\n\n\n\n<li><strong>Paso fino colombiano:<\/strong> caracterizado por su suavidad y constancia.<\/li>\n<\/ul>\n\n\n\n<p><strong>USOS DEL CABALLO CRIOLLO COLOMBIANO EN EL PA\u00cdS<\/strong><\/p>\n\n\n\n<p>El Caballo Criollo Colombiano es vers\u00e1til y se utiliza en diversas actividades que van desde el trabajo en el campo hasta la participaci\u00f3n en eventos deportivos y culturales como:<\/p>\n\n\n\n<ul class=\"wp-block-list\">\n<li><strong>Agricultura y ganader\u00eda:<\/strong> su resistencia y capacidad para recorrer largas distancias lo hacen ideal para las labores del campo.<\/li>\n\n\n\n<li><strong>De cr\u00eda:<\/strong> la crianza de los caballos criollos constituye una actividad econ\u00f3mica crucial en Colombia y representa una fuente de ingresos mediante la venta de potros, semen y embriones.<\/li>\n\n\n\n<li><strong>Deportes y competencias:<\/strong> es ampliamente reconocido en competencias de equitaci\u00f3n del caballo de paso (Chalaner\u00eda) y exposiciones equinas con juzgamientos de sus cuatro modalidades, donde se destaca por su suavidad, br\u00edo y elegancia.<\/li>\n\n\n\n<li><strong>Recreaci\u00f3n, turismo y eventos culturales:<\/strong> en el \u00e1mbito tur\u00edstico se utiliza para paseos y rutas ecol\u00f3gicas, ofreciendo una experiencia \u00fanica de conexi\u00f3n con la naturaleza y la cultura colombiana. En el \u00e1mbito cultural participa en desfiles y festivales, donde se exalta su belleza y se celebra su importancia hist\u00f3rica.<\/li>\n<\/ul>\n\n\n\n<h2 class=\"wp-block-heading\">Raza, preservaci\u00f3n y bienestar<\/h2>\n\n\n\n<p>El Caballo Criollo Colombiano es un s\u00edmbolo de orgullo nacional y un legado que se transmite de generaci\u00f3n en generaci\u00f3n. Su cr\u00eda y conservaci\u00f3n son fundamentales para mantener viva esta herencia cultural, por esta raz\u00f3n desde ASDESILLA se busca proteger, mejorar y dar bienestar al Caballo Criollo Colombiano con pasi\u00f3n, amor y respeto, mediante fomento, educaci\u00f3n y servicios integrales, trabajando de la mano con el sector en la mejora de la raza, asegurando su valor gen\u00e9tico y promoviendo su reconocimiento a nivel mundial.<\/p>\n\n\n\n<p>La preservaci\u00f3n de esta raza tambi\u00e9n tiene un impacto positivo en el desarrollo sostenible del campo colombiano. A trav\u00e9s de programas de cr\u00eda responsable y el fomento de pr\u00e1cticas agropecuarias sostenibles, se busca garantizar el bienestar de los caballos y el equilibrio del ecosistema rural.<\/p>\n\n\n\n<p>Por su parte, el compromiso de ASDESILLA con el bienestar y las buenas pr\u00e1cticas en el uso del Caballo Criollo Colombiano es cada vez m\u00e1s firme y contundente. Desde la entidad gremial se promueven est\u00e1ndares rigurosos de cuidado y manejo, asegurando que los caballos reciban una nutrici\u00f3n adecuada, atenci\u00f3n veterinaria oportuna y condiciones de vida \u00f3ptimas. Adem\u00e1s, a trav\u00e9s de programas educativos y regulaciones estrictas, se fomenta el entrenamiento \u00e9tico y responsable, respetando el bienestar f\u00edsico y emocional de los animales con el fin de garantizar la salud y felicidad de estos valiosos ejemplares, contribuyendo as\u00ed a la sostenibilidad y el futuro de la raza criolla colombiana.<\/p>\n\n\n\n<p>Celebrar y preservar esta raza \u00fanica es una manera de honrar las ra\u00edces y asegurar un futuro pr\u00f3spero para las generaciones venideras. Para la asociaci\u00f3n gremial es muy importante impulsar la raza del caballo criollo colombiano de silla como lo indica su objeto social, resaltando el caballo de paso fino colombiano declarado raza en el a\u00f1o 2017 a trav\u00e9s de la ley 1842. ASDESILLA invita a los amantes de los caballos, la cultura y la tradici\u00f3n a celebrar juntos la grandeza del caballo criollo colombiano, evento \u00fanico en el mundo.<\/p>\n","protected":false},"excerpt":{"rendered":"<p>\u00a0La Asociaci\u00f3n de Criadores de Caballos Criollos Colombianos de Silla -ASDESILLA- se complace en anunciar el lanzamiento de la 65\u00aa EXPOINTERNACIONAL EQUINA \u2013 FERIA DE LAS FLORES, Grado A, un evento que celebra la majestuosidad y la importancia del Caballo Criollo Colombiano. Esta feria, que se realizar\u00e1 del 6 al 10 de agosto en la [&hellip;]<\/p>\n","protected":false},"author":2,"featured_media":1024,"comment_status":"open","ping_status":"open","sticky":false,"template":"","format":"standard","meta":{"_jetpack_newsletter_access":"","_jetpack_dont_email_post_to_subs":false,"_jetpack_newsletter_tier_id":0,"_jetpack_memberships_contains_paywalled_content":false,"_jetpack_memberships_contains_paid_content":false,"footnotes":""},"categories":[14],"tags":[],"class_list":{"0":"post-1023","1":"post","2":"type-post","3":"status-publish","4":"format-standard","5":"has-post-thumbnail","7":"category-ciudades-buena-nota"},"jetpack_sharing_enabled":true,"jetpack_featured_media_url":"https:\/\/i0.wp.com\/colombiabuenanota.com\/wp-content\/uploads\/2024\/07\/EXPOINTERNACIONAL-EQUINA-2023-Feria-de-las-Flores-ASDESILLA-7.jpg?fit=700%2C461&ssl=1","jetpack-related-posts":[],"_links":{"self":[{"href":"https:\/\/colombiabuenanota.com\/index.php\/wp-json\/wp\/v2\/posts\/1023","targetHints":{"allow":["GET"]}}],"collection":[{"href":"https:\/\/colombiabuenanota.com\/index.php\/wp-json\/wp\/v2\/posts"}],"about":[{"href":"https:\/\/colombiabuenanota.com\/index.php\/wp-json\/wp\/v2\/types\/post"}],"author":[{"embeddable":true,"href":"https:\/\/colombiabuenanota.com\/index.php\/wp-json\/wp\/v2\/users\/2"}],"replies":[{"embeddable":true,"href":"https:\/\/colombiabuenanota.com\/index.php\/wp-json\/wp\/v2\/comments?post=1023"}],"version-history":[{"count":1,"href":"https:\/\/colombiabuenanota.com\/index.php\/wp-json\/wp\/v2\/posts\/1023\/revisions"}],"predecessor-version":[{"id":1025,"href":"https:\/\/colombiabuenanota.com\/index.php\/wp-json\/wp\/v2\/posts\/1023\/revisions\/1025"}],"wp:featuredmedia":[{"embeddable":true,"href":"https:\/\/colombiabuenanota.com\/index.php\/wp-json\/wp\/v2\/media\/1024"}],"wp:attachment":[{"href":"https:\/\/colombiabuenanota.com\/index.php\/wp-json\/wp\/v2\/media?parent=1023"}],"wp:term":[{"taxonomy":"category","embeddable":true,"href":"https:\/\/colombiabuenanota.com\/index.php\/wp-json\/wp\/v2\/categories?post=1023"},{"taxonomy":"post_tag","embeddable":true,"href":"https:\/\/colombiabuenanota.com\/index.php\/wp-json\/wp\/v2\/tags?post=1023"}],"curies":[{"name":"wp","href":"https:\/\/api.w.org\/{rel}","templated":true}]}}